{"id":99,"date":"2016-12-04T10:10:36","date_gmt":"2016-12-04T09:10:36","guid":{"rendered":"http:\/\/blog.regardsprotestants.com\/regardssurlesparoisses\/?p=99"},"modified":"2016-12-09T09:58:03","modified_gmt":"2016-12-09T08:58:03","slug":"eglise-protestante-unie-daix-en-provence-un-dynamisme-de-bon-aloi","status":"publish","type":"post","link":"https:\/\/blog.regardsprotestants.com\/regardssurlesparoisses\/2016\/12\/04\/eglise-protestante-unie-daix-en-provence-un-dynamisme-de-bon-aloi\/","title":{"rendered":"Eglise protestante unie d\u2019Aix-en-Provence : un dynamisme de bon aloi"},"content":{"rendered":"<p><strong>C\u2019est sous un soleil proven\u00e7al g\u00e9n\u00e9reux que s\u2019\u00e9panouit l\u2019Eglise Protestante Unie d\u2019Aix-en-Provence. Une paroisse aux activit\u00e9s multiples et vari\u00e9es.<\/strong><\/p>\n<p>&nbsp;<\/p>\n<p><!--more--><\/p>\n<p>Un temple dans une ancienne synagogue\u00a0: un paradoxe qui n\u2019est pas pour d\u00e9plaire au monde protestant d\u2019Aix-en-Provence. De fait, la paroisse d\u2019Aix-en-Provence, qui si\u00e8ge rue Villars en plein centre ville \u00e0 deux pas du c\u00e9l\u00e8bre Cours Mirabeau, est install\u00e9e dans une ancienne synagogue (dans laquelle s\u2019est mari\u00e9 le compositeur Darius Milhaud). Un \u00e9difice rachet\u00e9 \u00e0 la communaut\u00e9 juive par l\u2019Eglise r\u00e9form\u00e9e aixoise, en qu\u00eate de lieu de culte, en 1952 (1). Une illustration de l\u2019amiti\u00e9 Jud\u00e9o Chr\u00e9tienne ch\u00e8re \u00e0 Jules Isaac, autre aixois de renom. T\u00e9moins de ce pass\u00e9 h\u00e9bra\u00efque, deux chandeliers \u00e0 sept branches et une plaque comm\u00e9morative, en h\u00e9breu et en \u00a0fran\u00e7ais, relatant l\u2019histoire du lieu et mentionnant les Justes des nations de la ville, dont le pasteur Henri Manen, aum\u00f4nier du Camp des Milles situ\u00e9 \u00e0 quelques encablures.<\/p>\n<p>Si la r\u00e9gion reste essentiellement catholique, \u00e0 la suite des pers\u00e9cutions des 17<sup>\u00e8me<\/sup> et 18<sup>\u00e8me<\/sup> si\u00e8cles, la ville d\u2019Aix-en-Provence compte cependant une dizaine de communaut\u00e9s protestantes, des Evang\u00e9liques aux Luth\u00e9ro-R\u00e9form\u00e9s (2). Sans compter la facult\u00e9 libre de th\u00e9ologie \u00a0r\u00e9form\u00e9e. C\u2019est ainsi que l\u2019Eglise Protestante Unie du pays d\u2019Aix s\u2019\u00e9tend jusqu\u2019aux portes du Lub\u00e9ron, de Marseille, de Salon de Provence et de Martigues. <em>\u00ab\u00a0La paroisse de la rue Villars accueille environ 500 familles dont une bonne moiti\u00e9 participe \u00e0 la vie paroissiale sachant, qu\u2019en moyenne, une centaine de personnes assistent au culte dominical\u00a0\u00bb<\/em>, observe Gill Daud\u00e9 pasteur depuis juillet 2015. Les paroissiens\u00a0? Des descendants des Vaudois, dont la m\u00e9moire impr\u00e8gne la Provence protestante, et des personnes arriv\u00e9es plus r\u00e9cemment dans la r\u00e9gion.<\/p>\n<p><img decoding=\"async\" loading=\"lazy\" class=\"size-medium wp-image-106 alignleft\" src=\"https:\/\/blog.regardsprotestants.com\/regardssurlesparoisses\/wp-content\/uploads\/2016\/12\/culte_aix_en_provence-300x225.jpg\" alt=\"culte_aix_en_provence\" width=\"300\" height=\"225\" srcset=\"https:\/\/blog.regardsprotestants.com\/regardssurlesparoisses\/wp-content\/uploads\/2016\/12\/culte_aix_en_provence-300x225.jpg 300w, https:\/\/blog.regardsprotestants.com\/regardssurlesparoisses\/wp-content\/uploads\/2016\/12\/culte_aix_en_provence.jpg 550w\" sizes=\"(max-width: 300px) 100vw, 300px\" \/><\/p>\n<p><strong>Une communaut\u00e9 vivante<\/strong><\/p>\n<p>Lorsque Gill Daud\u00e9 arrive rue Villars, la paroisse sort de trois ann\u00e9es sans pasteur. <em>\u00ab\u00a0Je me suis retrouv\u00e9 face \u00e0 une communaut\u00e9 tr\u00e8s vivante malgr\u00e9 l\u2019absence de pasteur. Les \u00e9quipes, particuli\u00e8rement responsables, ont continu\u00e9 d\u2019agir \u00e0 bon escient.\u00a0J\u2019ai donc chauss\u00e9 les chaussures de cette paroisse tr\u00e8s cr\u00e9atrice en mati\u00e8re d\u2019activit\u00e9s\u00bb<\/em>, appr\u00e9cie Gill Daud\u00e9. Le programme est en effet impressionnant. Du c\u00f4t\u00e9 de la jeunesse, le cat\u00e9chisme regroupe une quarantaine d\u2019enfants. Le groupe de lyc\u00e9ens compte,\u00a0 pour sa part, une quinzaine de jeunes et autant celui des \u00e9tudiants arrivant du monde entier, ville universitaire oblige. Pour les adultes, on notera tout particuli\u00e8rement \u00ab\u00a0les Mardis de la rue Villars\u00a0\u00bb, des rencontres, l\u2019apr\u00e8s-midi trois fois par mois, ax\u00e9es sur des conf\u00e9rences, voire sur des ateliers de bricolage. Les \u00ab\u00a0Week-End \u00a0Au Clair de la Bible\u00a0\u00bb, au nombre de trois par an, sont \u00e9galement tr\u00e8s appr\u00e9ci\u00e9s. Ces journ\u00e9es, o\u00f9 l\u2019on conjugue art, ateliers bibliques, parcours de vie et culte, r\u00e9unissent de 60 \u00e0 80 personnes. Ce sont aussi les conf\u00e9rences \u00ab\u00a0Foi et Actualit\u00e9\u00a0\u00bb, cinq par an, qui rassemblent une centaine de personnes \u00e0 chaque fois autour de th\u00e8mes diff\u00e9rents, tel Les enjeux du monde carc\u00e9ral en novembre dernier.<\/p>\n<p>Quant \u00e0 la musique, incontournable pour le pianiste qu\u2019est Gill devant l\u2019Eternel, elle se manifeste, entre autres, au travers de l\u2019Acad\u00e9mie Bach et d\u2019un orchestre de jeunes qui joue lors des grandes occasions. La paroisse est aussi tr\u00e8s pr\u00e9sente en mati\u00e8re d\u2019\u0153cum\u00e9nisme. Un caf\u00e9 biblique, un rassemblement de tous les chr\u00e9tiens le jour de P\u00e2ques sur le parvis de la cath\u00e9drale d\u2019Aix-en-Provence et une association inter religieuse \u00ab\u00a0Croyants dans la cit\u00e9\u00a0\u00bb. Enfin, le volet social, mission de l\u2019Entraide, est bien rempli qu\u2019il s\u2019agisse de SDF ou d\u2019accueil de r\u00e9fugi\u00e9s (en lien avec la Cimade). Autrement dit, difficile de faire le tour de ce que l\u2019on pourrait qualifier d\u2019inventaire \u00e0 la Pr\u00e9vert \u00e0 la diff\u00e9rence pr\u00e8s que l\u2019Evangile reste le d\u00e9nominateur commun. <em>\u00ab\u00a0L\u2019Eglise a un centre, J\u00e9sus Christ, mais elle n\u2019a pas de fronti\u00e8res\u00a0\u00bb<\/em>, rappelle \u00e0 juste titre le projet de vie paroissial. Une dimension que Gill Daud\u00e9 soulignera, en ce 500<sup>\u00e8me<\/sup> anniversaire de la R\u00e9forme, dans le cadre de l\u2019ann\u00e9e Luther. <em>\u00ab\u00a0Conf\u00e9rences, cat\u00e9ch\u00e8se, rencontres inter religieuses,\u00a0 voyage oecum\u00e9nique sur les pas de Luther en avril 2017 et une exposition sur les sources du protestantisme, con\u00e7ue en lien avec les paroisses de Gap et Manosque, vont ponctuer l\u2019ann\u00e9e 2017. Pour information, l\u2019exposition circulera en France\u00a0\u00bb<\/em>, se f\u00e9licite Gill Daud\u00e9.<\/p>\n<p>(1) Eglise Protestante Unie d\u2019Aix-en-Provence\u00a0: 4, rue Villars- 13100 Aix-en-Provence. 04 42 27 70 34. www.erf-aix.fr<\/p>\n<p>(2) Protestants en Pays d\u2019Aix (<a href=\"http:\/\/www.protestants-aix.fr\" target=\"_blank\">www.protestants-aix.fr<\/a>)\u00a0:<\/p>\n<p><strong>Les \u00c9glises <\/strong><\/p>\n<p><a href=\"http:\/\/www.erf-aix.fr\/spip.php?article70\" target=\"_blank\">\u00c9glise \u00c9vang\u00e9lique Libre<\/a><br \/>\nEglise Adventiste du 7<sup>\u00e8me<\/sup> jour<br \/>\n<a href=\"http:\/\/www.erf-aix.fr\/spip.php?article129\" target=\"_blank\">\u00c9glise Protestante \u00c9vang\u00e9lique Baptiste<\/a><br \/>\n<a href=\"http:\/\/www.erf-aix.fr\/spip.php?article164\" target=\"_blank\">\u00c9glise Protestante \u00c9vang\u00e9lique &#8220;Le Chemin&#8221;<\/a><br \/>\n<a href=\"http:\/\/www.erf-aix.fr\/spip.php?article184\" target=\"_blank\">\u00c9glise R\u00e9form\u00e9e \u00c9vang\u00e9lique<\/a><br \/>\n<a href=\"http:\/\/www.erf-aix.fr\/spip.php?article172\" target=\"_blank\">\u00c9glise FPMA d\u2019Aix-Marseille<\/a><\/p>\n<p>Eglise Protestante Unie d\u2019Aix-en-Provence<\/p>\n<p><strong>Universit\u00e9\u00a0<\/strong><\/p>\n<p><a href=\"http:\/\/www.erf-aix.fr\/spip.php?article193\" target=\"_blank\">Facult\u00e9 libre de th\u00e9ologie r\u00e9form\u00e9e<\/a><\/p>\n<p><iframe loading=\"lazy\" style=\"border: 0;\" src=\"https:\/\/www.google.com\/maps\/embed?pb=!1m14!1m8!1m3!1d3982474.42852936!2d1.4205233241385542!3d46.42820840304869!3m2!1i1024!2i768!4f13.1!3m3!1m2!1s0x0%3A0x69d8483db97cec8a!2s%C3%89glise+protestante+unie+du+Pays+d'Aix!5e0!3m2!1sfr!2sfr!4v1480928501873\" width=\"600\" height=\"450\" frameborder=\"0\" allowfullscreen=\"allowfullscreen\"><\/iframe><\/p>\n","protected":false},"excerpt":{"rendered":"<p>C\u2019est sous un soleil proven\u00e7al g\u00e9n\u00e9reux que s\u2019\u00e9panouit l\u2019Eglise Protestante Unie d\u2019Aix-en-Provence. Une paroisse aux activit\u00e9s multiples et vari\u00e9es. &nbsp;<\/p>\n","protected":false},"author":2,"featured_media":105,"comment_status":"open","ping_status":"open","sticky":false,"template":"","format":"standard","meta":[],"categories":[1],"tags":[],"_links":{"self":[{"href":"https:\/\/blog.regardsprotestants.com\/regardssurlesparoisses\/wp-json\/wp\/v2\/posts\/99"}],"collection":[{"href":"https:\/\/blog.regardsprotestants.com\/regardssurlesparoisses\/wp-json\/wp\/v2\/posts"}],"about":[{"href":"https:\/\/blog.regardsprotestants.com\/regardssurlesparoisses\/wp-json\/wp\/v2\/types\/post"}],"author":[{"embeddable":true,"href":"https:\/\/blog.regardsprotestants.com\/regardssurlesparoisses\/wp-json\/wp\/v2\/users\/2"}],"replies":[{"embeddable":true,"href":"https:\/\/blog.regardsprotestants.com\/regardssurlesparoisses\/wp-json\/wp\/v2\/comments?post=99"}],"version-history":[{"count":5,"href":"https:\/\/blog.regardsprotestants.com\/regardssurlesparoisses\/wp-json\/wp\/v2\/posts\/99\/revisions"}],"predecessor-version":[{"id":108,"href":"https:\/\/blog.regardsprotestants.com\/regardssurlesparoisses\/wp-json\/wp\/v2\/posts\/99\/revisions\/108"}],"wp:featuredmedia":[{"embeddable":true,"href":"https:\/\/blog.regardsprotestants.com\/regardssurlesparoisses\/wp-json\/wp\/v2\/media\/105"}],"wp:attachment":[{"href":"https:\/\/blog.regardsprotestants.com\/regardssurlesparoisses\/wp-json\/wp\/v2\/media?parent=99"}],"wp:term":[{"taxonomy":"category","embeddable":true,"href":"https:\/\/blog.regardsprotestants.com\/regardssurlesparoisses\/wp-json\/wp\/v2\/categories?post=99"},{"taxonomy":"post_tag","embeddable":true,"href":"https:\/\/blog.regardsprotestants.com\/regardssurlesparoisses\/wp-json\/wp\/v2\/tags?post=99"}],"curies":[{"name":"wp","href":"https:\/\/api.w.org\/{rel}","templated":true}]}}