{"id":49,"date":"2016-11-21T12:00:00","date_gmt":"2016-11-21T11:00:00","guid":{"rendered":"http:\/\/blog.regardsprotestants.com\/regardssurlesparoisses\/?p=49"},"modified":"2016-11-21T12:40:13","modified_gmt":"2016-11-21T11:40:13","slug":"eglise-protestante-unie-de-royan-la-saintonge-reformee","status":"publish","type":"post","link":"https:\/\/blog.regardsprotestants.com\/regardssurlesparoisses\/2016\/11\/21\/eglise-protestante-unie-de-royan-la-saintonge-reformee\/","title":{"rendered":"Eglise protestante unie de Royan : la Saintonge r\u00e9form\u00e9e"},"content":{"rendered":"<p><strong>La c\u00e9l\u00e8bre station baln\u00e9aire de Charente-Maritime, Royan, abrite une communaut\u00e9 protestante tr\u00e8s ancienne regroupant cinq temples. De Royan \u00e0 Saujon en passant par M\u00e9dis et Saint-Georges-de-Didonne.<\/strong><\/p>\n<p>&nbsp;<\/p>\n<p><!--more--><br \/>\n<em>\u00ab\u00a0Tout ce qui arrive dans le monde arrive en son temps. Il y a un temps pour na\u00eetre et un temps pour mourir\u00a0; Un temps pour planter et un temps pour arracher les plantes \u2026\u00a0\u00bb<\/em>, rappelle l\u2019Eccl\u00e9siaste. C\u2019est ce livre po\u00e9tique rempli de sagesse que Douglas Nelson, pasteur de la paroisse de Royan, va prochainement \u00e9voquer dans le cadre des rencontres autour de la Bible du Secteur C\u00f4te de Beaut\u00e9-Seudre-Ol\u00e9ron qui se d\u00e9rouleront prochainement (1). A Royan, nous sommes au c\u0153ur de la Saintonge, vieille r\u00e9gion protestante acquise aux id\u00e9es de la R\u00e9forme depuis le 16<sup>\u00e8me<\/sup> si\u00e8cle. <em>\u00ab\u00a0Jusqu\u2019en 1940, nous comptions autour de Royan une paroisse protestante par village \u00e0 l\u2019instar des r\u00e9gions de tradition catholique, telle la Vend\u00e9e\u00bb<\/em>, observe Jean Grascoeur, pr\u00e9sident du conseil presbyt\u00e9ral de la paroisse. Mais aujourd\u2019hui, \u00e0 l\u2019heure de la d\u00e9christianisation, la donne a quelque peu chang\u00e9. La paroisse de Royan, organis\u00e9e autour d\u2019une seule association cultuelle depuis le d\u00e9but des ann\u00e9es 2000, regroupe cinq temples\u00a0: \u00e0 Royan m\u00eame, deux temples, le principal, rue Alsace-Lorraine, et celui de Maine-Geoffroy, le plus ancien de la r\u00e9gion. Puis Saujon, Saint-Georges-de-Didonne et enfin M\u00e9dis (2). Un temple royannais de b\u00e9ton v\u00eatu, v\u00e9ritable symbole de l\u2019architecture des ann\u00e9es 50 dot\u00e9 d\u2019un orgue \u00e9tonnant. Ce temple est partie int\u00e9grante du Centre Protestant construit en 1956 dans le cadre de la reconstruction de la ville d\u00e9truite apr\u00e8s un bombardement en janvier 1945. <em>\u00ab\u00a0Ce Centre Protestant comprend, entre autres, le temple, des salles de r\u00e9union, une salle de spectacle et un presbyt\u00e8re. Non loin, se situe le cimeti\u00e8re protestant datant du 18<sup>\u00e8me<\/sup> si\u00e8cle, un lieu important de notre patrimoine protestant\u00a0\u00bb<\/em>, raconte William Barrau, ancien pr\u00e9sident du conseil presbyt\u00e9ral (3). Sur le parvis du temple, un pin parasol majestueux fait \u00e9cho au temps du D\u00e9sert.<\/p>\n<p><strong><img decoding=\"async\" loading=\"lazy\" class=\"size-medium wp-image-77 alignleft\" src=\"https:\/\/blog.regardsprotestants.com\/regardssurlesparoisses\/wp-content\/uploads\/2016\/10\/P1020141-002-300x225.jpg\" alt=\"Eglise protestante unie de Royan : la Saintonge r\u00e9form\u00e9e\" width=\"300\" height=\"225\" srcset=\"https:\/\/blog.regardsprotestants.com\/regardssurlesparoisses\/wp-content\/uploads\/2016\/10\/P1020141-002-300x225.jpg 300w, https:\/\/blog.regardsprotestants.com\/regardssurlesparoisses\/wp-content\/uploads\/2016\/10\/P1020141-002-768x576.jpg 768w, https:\/\/blog.regardsprotestants.com\/regardssurlesparoisses\/wp-content\/uploads\/2016\/10\/P1020141-002-1024x768.jpg 1024w, https:\/\/blog.regardsprotestants.com\/regardssurlesparoisses\/wp-content\/uploads\/2016\/10\/P1020141-002.jpg 1600w\" sizes=\"(max-width: 300px) 100vw, 300px\" \/>Organisation paroissiale<\/strong><\/p>\n<p><em>\u00ab\u00a0Je suis le seul pasteur mais la paroisse b\u00e9n\u00e9ficie de cinq pr\u00e9dicateurs la\u00efcs qui m\u2019\u00e9paulent. La r\u00e9gion compte \u00e9galement un certain nombre de pasteurs retrait\u00e9s, nous sommes donc bien lotis\u00a0\u00bb<\/em>, appr\u00e9cie Douglas Nelson, un franco-am\u00e9ricain n\u00e9 dans le Montana, arriv\u00e9 \u00e0 Royan en 2007 apr\u00e8s avoir \u00e9t\u00e9 pasteur \u00e0 Vincennes-Montreuil et Saint-Quentin en Picardie. 350 familles forment la paroisse de Royan mais seules 150 d\u2019entre elles soutiennent activement la vie de l\u2019\u00e9glise. Essentiellement des familles de retrait\u00e9s, des personnes disposant de r\u00e9sidences secondaires et peu de jeunes m\u00e9nages et d\u2019enfants ou d\u2019adolescents. Ceci expliquant cela, la cat\u00e9ch\u00e8se est interg\u00e9n\u00e9rationnelle et faite au niveau du secteur. <em>\u00ab\u00a0Nous nous retrouvons un samedi par mois entre adultes, enfants et adolescents le matin,<\/em> poursuit Douglas Nelson. <em>Apr\u00e8s un temps commun, chaque groupe d\u2019\u00e2ge se retrouve. Nous terminons par un temps de chants et de pri\u00e8res. Soit, cinq \u00e0 dix adultes et une petite vingtaine de jeunes. Le plus difficile \u00e9tant de mobiliser les parents, nous avons, du reste, essay\u00e9 tous les horaires, ils ne sont pas plus nombreux pour autant. Un probl\u00e8me, malheureusement, g\u00e9n\u00e9ral.\u00a0\u00bb<\/em><\/p>\n<p>D\u2019une fa\u00e7on plus g\u00e9n\u00e9rale, le culte principal a lieu chaque dimanche \u00e0 10h30 \u00e0 Royan. Un culte \u00e0 Saujon tous les deuxi\u00e8mes samedis du mois \u00e0 17h (sauf en octobre, avril, juillet et ao\u00fbt). A Saint-Georges-de-Didonne, culte uniquement l\u2019\u00e9t\u00e9 en juillet-ao\u00fbt et \u00e0 M\u00e9dis, deux fois par an (octobre et avril). Le temple de Maine-Geoffroy \u00e9tant, pour sa part, pr\u00eat\u00e9 \u00e0 l\u2019Eglise \u00e9vang\u00e9lique baptiste (sauf le jeudi de l\u2019Ascension) qui y c\u00e9l\u00e8bre un culte le dimanche \u00e0 10h. Pour m\u00e9moire, le secteur de Saujon-M\u00e9dis a mis en place un groupe de maison, soit une rencontre trimestrielle th\u00e9matique conviviale chez les uns et les autres, avec Douglas Nelson. Quant aux 500 ans de la R\u00e9forme, <em>\u00ab\u00a0conf\u00e9rences, expositions et concerts viendront c\u00e9l\u00e9brer notre attachement \u00e0 nos racines protestantes et manifester l\u2019actualit\u00e9 de notre foi chr\u00e9tienne\u00a0\u00bb<\/em>, annonce Jean Grascoeur. Un concert de musique luth\u00e9rienne autour d\u2019une chorale oecum\u00e9nique se d\u00e9roulera ainsi le 19 mars 2017 au temple de Royan. A ne pas manquer\u00a0!<\/p>\n<p>Marie Piat<\/p>\n<p><em>(1) Le secteur regroupe les trois paroisses de Royan, Saintonge-Oc\u00e9an et des \u00celes de Saintonge dont les trois pasteurs collaborent ensemble pour certaines activit\u00e9s.<br \/>\n(2) Eglise protestante unie de Royan\u00a0(consistoire de Charente-Maritime): 17 rue Alsace-Lorraine \u2013 17200 Royan. 05 46 38 76 89. Erroyan.free.fr<br \/>\n(3) <em>\u00ab\u00a0Le cimeti\u00e8re protestant de l\u2019Eglise r\u00e9form\u00e9e de Royan. Un cimeti\u00e8re dans la cit\u00e9\u00a0\u00bb<\/em> par William Barrau (Ed. Bonne Anse).<\/em><\/p>\n<p><iframe loading=\"lazy\" style=\"border: 0;\" src=\"https:\/\/www.google.com\/maps\/embed?pb=!1m14!1m8!1m3!1d4036553.872598323!2d0.36252534486877086!3d47.25518812620733!3m2!1i1024!2i768!4f13.1!3m3!1m2!1s0x0%3A0x735406f00f9cc0f7!2s%C3%89glise+protestante+unie+de+Royan!5e0!3m2!1sfr!2sfr!4v1476869358156\" width=\"600\" height=\"450\" frameborder=\"0\" allowfullscreen=\"allowfullscreen\"><\/iframe><\/p>\n","protected":false},"excerpt":{"rendered":"<p>La c\u00e9l\u00e8bre station baln\u00e9aire de Charente-Maritime, Royan, abrite une communaut\u00e9 protestante tr\u00e8s ancienne regroupant cinq temples. De Royan \u00e0 Saujon en passant par M\u00e9dis et Saint-Georges-de-Didonne. &nbsp;<\/p>\n","protected":false},"author":2,"featured_media":76,"comment_status":"open","ping_status":"open","sticky":false,"template":"","format":"standard","meta":[],"categories":[1],"tags":[],"_links":{"self":[{"href":"https:\/\/blog.regardsprotestants.com\/regardssurlesparoisses\/wp-json\/wp\/v2\/posts\/49"}],"collection":[{"href":"https:\/\/blog.regardsprotestants.com\/regardssurlesparoisses\/wp-json\/wp\/v2\/posts"}],"about":[{"href":"https:\/\/blog.regardsprotestants.com\/regardssurlesparoisses\/wp-json\/wp\/v2\/types\/post"}],"author":[{"embeddable":true,"href":"https:\/\/blog.regardsprotestants.com\/regardssurlesparoisses\/wp-json\/wp\/v2\/users\/2"}],"replies":[{"embeddable":true,"href":"https:\/\/blog.regardsprotestants.com\/regardssurlesparoisses\/wp-json\/wp\/v2\/comments?post=49"}],"version-history":[{"count":8,"href":"https:\/\/blog.regardsprotestants.com\/regardssurlesparoisses\/wp-json\/wp\/v2\/posts\/49\/revisions"}],"predecessor-version":[{"id":102,"href":"https:\/\/blog.regardsprotestants.com\/regardssurlesparoisses\/wp-json\/wp\/v2\/posts\/49\/revisions\/102"}],"wp:featuredmedia":[{"embeddable":true,"href":"https:\/\/blog.regardsprotestants.com\/regardssurlesparoisses\/wp-json\/wp\/v2\/media\/76"}],"wp:attachment":[{"href":"https:\/\/blog.regardsprotestants.com\/regardssurlesparoisses\/wp-json\/wp\/v2\/media?parent=49"}],"wp:term":[{"taxonomy":"category","embeddable":true,"href":"https:\/\/blog.regardsprotestants.com\/regardssurlesparoisses\/wp-json\/wp\/v2\/categories?post=49"},{"taxonomy":"post_tag","embeddable":true,"href":"https:\/\/blog.regardsprotestants.com\/regardssurlesparoisses\/wp-json\/wp\/v2\/tags?post=49"}],"curies":[{"name":"wp","href":"https:\/\/api.w.org\/{rel}","templated":true}]}}