{"id":44,"date":"2016-10-01T15:19:59","date_gmt":"2016-10-01T13:19:59","guid":{"rendered":"http:\/\/blog.regardsprotestants.com\/regardssurlesparoisses\/?p=44"},"modified":"2016-10-19T11:43:06","modified_gmt":"2016-10-19T09:43:06","slug":"eglise-lutherienne-de-dettwiller-colocation-avant-lheure","status":"publish","type":"post","link":"https:\/\/blog.regardsprotestants.com\/regardssurlesparoisses\/2016\/10\/01\/eglise-lutherienne-de-dettwiller-colocation-avant-lheure\/","title":{"rendered":"Eglise luth\u00e9rienne de Dettwiller : colocation avant l\u2019heure"},"content":{"rendered":"<p><strong>A Dettwiller, l\u2019\u00e9glise luth\u00e9rienne s\u2019organise autour des sp\u00e9cificit\u00e9s du Simultaneum. Une caract\u00e9ristique alsacienne qui remonte \u00e0 plus de trois si\u00e8cles.<\/strong><\/p>\n<p>&nbsp;<\/p>\n<p><!--more--><br \/>\nAo\u00fbt 1683\u00a0: Louis XIV introduit en Alsace le principe du Simultaneum. Autrement dit, les protestants sont oblig\u00e9s de partager leur \u00e9glise avec les catholiques en leur c\u00e9dant le ch\u0153ur de l\u2019\u00e9difice. S\u2019ensuivent des si\u00e8cles de tensions r\u00e9currentes entre les deux communaut\u00e9s religieuses. Un h\u00e9ritage historique qu\u2019Elisabeth Muths appr\u00e9hende pour la premi\u00e8re fois en septembre 2015, lorsqu\u2019elle devient pasteure de la paroisse luth\u00e9rienne de Dettwiller dot\u00e9e d\u2019une charmante \u00e9glise villageoise simultan\u00e9e (1). <em>\u00ab\u00a0Le passif du Simultaneum est lourd car il ne peut, de facto, engendrer un climat serein. J\u2019observe encore aujourd\u2019hui beaucoup de frilosit\u00e9\u00bb<\/em>, explique Elisabeth Muths, pr\u00e9c\u00e9demment \u00a0pasteure, durant quatorze ann\u00e9es, de l\u2019\u00e9glise luth\u00e9rienne de Schweighouse-sur-Moder. Pas question d\u2019ignorer ce pass\u00e9 tumultueux,\u00a0 mais pas question non plus de tout bousculer. Autant \u00e9viter les conflits.<\/p>\n<p><strong>Le mobilier n\u2019est pas un combat essentiel<\/strong><\/p>\n<p><em>\u00ab\u00a0Mon objectif consiste \u00e0 vivre l\u2019\u0153cum\u00e9nisme sans faire de vague\u00a0\u00bb<\/em>, pr\u00e9cise cette derni\u00e8re. Ce qui signifie s\u2019accommoder, au sein de l\u2019\u00e9glise, \u00a0de la pr\u00e9sence de deux autels, l\u2019un pour les catholiques, l\u2019autre pour les protestants ou bien encore de la statue de Saint-Jacques le Majeur, de Saint-Joseph et Marie, du crucifix, d\u2019un chemin de croix, d\u2019un confessionnal, du tabernacle, de la lumi\u00e8re rouge du saint sacrement, du banc de communion qui s\u00e9pare la nef du ch\u0153ur, d\u2019\u00e9tendards ou bien encore de cierges de d\u00e9votion. <em>\u00ab\u00a0Le mobilier n\u2019est pas un combat essentiel\u00a0! Car la croyance est avant tout une histoire personnelle entre Dieu et nous. Je travaille sur le vivre ensemble. Sur le plaisir de se rencontrer et de d\u00e9couvrir que nous sommes beaucoup plus proches qu\u2019on ne le pense\u00bb<\/em>, rappelle \u00e0 juste titre Elisabeth Muths.<\/p>\n<p><img decoding=\"async\" loading=\"lazy\" class=\"alignleft wp-image-69 size-medium\" src=\"https:\/\/blog.regardsprotestants.com\/regardssurlesparoisses\/wp-content\/uploads\/2016\/10\/02_corpsdelarticle_Dettwiller-e1476709501486-225x300.jpg\" alt=\"Eglise luth\u00e9rienne de Dettwiller : colocation avant l\u2019heure\" width=\"225\" height=\"300\" srcset=\"https:\/\/blog.regardsprotestants.com\/regardssurlesparoisses\/wp-content\/uploads\/2016\/10\/02_corpsdelarticle_Dettwiller-e1476709501486-225x300.jpg 225w, https:\/\/blog.regardsprotestants.com\/regardssurlesparoisses\/wp-content\/uploads\/2016\/10\/02_corpsdelarticle_Dettwiller-e1476709501486.jpg 300w\" sizes=\"(max-width: 225px) 100vw, 225px\" \/><\/p>\n<p>La paroisse de Dettwiller, \u00e0 laquelle est rattach\u00e9 le temple de la ville de Melsheim situ\u00e9e \u00e0 6 km, compte un potentiel d\u2019environ 500 familles. \u00a0\u00a0Cependant, peu d\u2019enfants suivent le cat\u00e9chisme. Et les adultes ne se bousculent gu\u00e8re au culte dominical de 10h45 qui se d\u00e9roule juste apr\u00e8s la messe de 9h30. Et la pasteure de poursuivre, <em>\u00ab\u00a0Dettwiller est un village ouvrier, anciennement r\u00e9put\u00e9 pour son industrie de la chaussure. La pratique religieuse n\u2019y est gu\u00e8re int\u00e9gr\u00e9e. Je fais donc beaucoup de visites, les habitants sont ravis mais de l\u00e0 \u00e0 venir au culte\u00a0!\u00a0\u00bb<\/em><\/p>\n<p><strong>Un clich\u00e9 peut en cacher un autre<\/strong><\/p>\n<p>Notre pasteure Elisabeth Muths entend donc mettre en confiance les uns et les autres via des activit\u00e9s et des rencontres \u0153cum\u00e9niques. Une fois par mois, catholiques et protestants qui le souhaitent se rencontrent dans un lieu, Fidei, pour parler de leurs pratiques respectives et d\u00e9battre. Sur Marie dans les spiritualit\u00e9s catholique et protestante par exemple. <em>\u00ab\u00a0Un sujet source de nombreux clich\u00e9s,<\/em> observe Elisabeth Muths. <em>On craint l\u2019autre en fonction de nos clich\u00e9s et c\u2019est regrettable. Du reste, peu importe le sujet, il est important que les gens se rencontrent et se parlent.\u00bb<\/em> Sont \u00e9galement r\u00e9guli\u00e8rement organis\u00e9es des c\u00e9r\u00e9monies de pri\u00e8re, voire des v\u00eapres communes avant les grandes f\u00eates religieuses, temps forts dont on parle encore plusieurs mois apr\u00e8s. Pour le mercredi des cendres, c\u00e9r\u00e9monie catholique, le p\u00e8re Tim Dietenbeck, cur\u00e9 de Dettwiller, a m\u00eame propos\u00e9 \u00e0 Elisabeth Muths d\u2019apposer \u00e0 ses c\u00f4t\u00e9s les cendres sur les fronts des paroissiens. En perspective au sein de la paroisse luth\u00e9rienne, l\u2019organisation de rencontres mensuelles en trois temps, un moment ludique, un culte et un repas partag\u00e9. Et la cr\u00e9ation d\u2019une chorale de jeunes, <em>\u00ab\u00a0je suis musicienne et dirige des chorales depuis mon adolescence\u00a0\u00bb<\/em>, se r\u00e9jouit \u00e0 l\u2019avance Elisabeth Muths.<\/p>\n<p>Marie Piat<\/p>\n<p><em>(1) Eglise simultan\u00e9e, Place de l\u2019Eglise \u2013 67490 Dettwiller. Temple de Melsheim, rue Basse \u2013 67270 Melsheim. 03 88 91 41 16. Les premi\u00e8res fondations de l\u2019\u00e9glise de Dettwiller remontent au Moyen-Age, selon Alfred Kleitz, pr\u00e9sident du Club Patrimoine de la ville et ancien membre du conseil presbyt\u00e9ral.<\/em><\/p>\n<p><iframe loading=\"lazy\" src=\"https:\/\/www.google.com\/maps\/embed?pb=!1m18!1m12!1m3!1d4065963.8640005914!2d0.5784514079279374!3d46.868158289781334!2m3!1f0!2f0!3f0!3m2!1i1024!2i768!4f13.1!3m3!1m2!1s0x4796a3d161c58b21%3A0xe08796f5b7ae2e75!2sRue+de+l&#39;%C3%89glise%2C+67490+Dettwiller!5e0!3m2!1sfr!2sfr!4v1476870167214\" width=\"600\" height=\"450\" frameborder=\"0\" style=\"border:0\" allowfullscreen><\/iframe><\/p>\n","protected":false},"excerpt":{"rendered":"<p>A Dettwiller, l\u2019\u00e9glise luth\u00e9rienne s\u2019organise autour des sp\u00e9cificit\u00e9s du Simultaneum. Une caract\u00e9ristique alsacienne qui remonte \u00e0 plus de trois si\u00e8cles. &nbsp;<\/p>\n","protected":false},"author":2,"featured_media":45,"comment_status":"open","ping_status":"open","sticky":false,"template":"","format":"standard","meta":[],"categories":[1],"tags":[],"_links":{"self":[{"href":"https:\/\/blog.regardsprotestants.com\/regardssurlesparoisses\/wp-json\/wp\/v2\/posts\/44"}],"collection":[{"href":"https:\/\/blog.regardsprotestants.com\/regardssurlesparoisses\/wp-json\/wp\/v2\/posts"}],"about":[{"href":"https:\/\/blog.regardsprotestants.com\/regardssurlesparoisses\/wp-json\/wp\/v2\/types\/post"}],"author":[{"embeddable":true,"href":"https:\/\/blog.regardsprotestants.com\/regardssurlesparoisses\/wp-json\/wp\/v2\/users\/2"}],"replies":[{"embeddable":true,"href":"https:\/\/blog.regardsprotestants.com\/regardssurlesparoisses\/wp-json\/wp\/v2\/comments?post=44"}],"version-history":[{"count":9,"href":"https:\/\/blog.regardsprotestants.com\/regardssurlesparoisses\/wp-json\/wp\/v2\/posts\/44\/revisions"}],"predecessor-version":[{"id":86,"href":"https:\/\/blog.regardsprotestants.com\/regardssurlesparoisses\/wp-json\/wp\/v2\/posts\/44\/revisions\/86"}],"wp:featuredmedia":[{"embeddable":true,"href":"https:\/\/blog.regardsprotestants.com\/regardssurlesparoisses\/wp-json\/wp\/v2\/media\/45"}],"wp:attachment":[{"href":"https:\/\/blog.regardsprotestants.com\/regardssurlesparoisses\/wp-json\/wp\/v2\/media?parent=44"}],"wp:term":[{"taxonomy":"category","embeddable":true,"href":"https:\/\/blog.regardsprotestants.com\/regardssurlesparoisses\/wp-json\/wp\/v2\/categories?post=44"},{"taxonomy":"post_tag","embeddable":true,"href":"https:\/\/blog.regardsprotestants.com\/regardssurlesparoisses\/wp-json\/wp\/v2\/tags?post=44"}],"curies":[{"name":"wp","href":"https:\/\/api.w.org\/{rel}","templated":true}]}}