{"id":312,"date":"2020-06-01T11:25:12","date_gmt":"2020-06-01T09:25:12","guid":{"rendered":"https:\/\/blog.regardsprotestants.com\/regardssurlesparoisses\/?p=312"},"modified":"2020-09-18T11:26:08","modified_gmt":"2020-09-18T09:26:08","slug":"eglise-protestante-unie-dorleans-une-terre-huguenote-meconnue","status":"publish","type":"post","link":"https:\/\/blog.regardsprotestants.com\/regardssurlesparoisses\/2020\/06\/01\/eglise-protestante-unie-dorleans-une-terre-huguenote-meconnue\/","title":{"rendered":"\u00c9glise protestante unie d\u2019Orl\u00e9ans : une terre huguenote m\u00e9connue"},"content":{"rendered":"<div class=\"chapeau-article\">Saviez-vous qu&#8217;Orl\u00e9ans \u00e9tait consid\u00e9r\u00e9e, au milieu du 16\u00e8me si\u00e8cle, comme la capitale du protestantisme fran\u00e7ais ? Les si\u00e8cles ont pass\u00e9, mais l\u2019\u00c9glise protestante unie d\u2019Orl\u00e9ans se montre toujours tr\u00e8s active !<\/div>\n<p><!--more--><\/p>\n<p><strong>Nous oublions souvent qu\u2019Orl\u00e9ans \u00e9tait consid\u00e9r\u00e9e, au milieu du 16\u00e8me si\u00e8cle, comme la<\/strong>\u00a0<strong>capitale du protestantisme fran\u00e7ais. La ville \u00e9tait m\u00eame surnomm\u00e9e \u00ab\u00a0<em>Nouvelle Gen\u00e8ve<\/em>.\u00a0\u00bb L\u2019eau a coul\u00e9 sous les ponts depuis ce qui n\u2019emp\u00eache pas l\u2019Eglise protestante unie d\u2019Orl\u00e9ans de se montrer tr\u00e8s active et soucieuse de r\u00e9pondre aux attentes d\u2019une communaut\u00e9 diversifi\u00e9e.<\/strong><\/p>\n<p><img decoding=\"async\" loading=\"lazy\" class=\"alignleft size-medium wp-image-314\" src=\"https:\/\/blog.regardsprotestants.com\/regardssurlesparoisses\/wp-content\/uploads\/2020\/09\/062-400x300-300x225.jpg\" alt=\"\" width=\"300\" height=\"225\" srcset=\"https:\/\/blog.regardsprotestants.com\/regardssurlesparoisses\/wp-content\/uploads\/2020\/09\/062-400x300-300x225.jpg 300w, https:\/\/blog.regardsprotestants.com\/regardssurlesparoisses\/wp-content\/uploads\/2020\/09\/062-400x300.jpg 400w\" sizes=\"(max-width: 300px) 100vw, 300px\" \/>Si l\u2019histoire d\u2019Orl\u00e9ans reste li\u00e9e \u00e0 celle de Jeanne d\u2019Arc galvanisant les troupes pour lib\u00e9rer la ville des Anglais en 1431, celle de l\u2019Orl\u00e9anais en tant que l\u2019un des berceaux du protestantisme fran\u00e7ais est, en revanche, beaucoup moins connue. Et pourtant\u00a0: \u00ab\u00a0<em>H\u00e9riti\u00e8re d\u2019un long pass\u00e9, l\u2019\u00c9glise R\u00e9form\u00e9e d\u2019Orl\u00e9ans se manifeste tr\u00e8s t\u00f4t. D\u00e8s 1524, un arr\u00eat du Parlement de Paris ordonne une enqu\u00eate sur les propagateurs des doctrines de Luther dans la ville d\u2019Orl\u00e9ans<\/em>\u00a0\u00bb, rappelle Gracieuse Moulin, pr\u00e9sidente de M\u00e9moire Protestante en Orl\u00e9anais (1). L\u2019Orl\u00e9anais s\u2019av\u00e8re, en effet, tr\u00e8s t\u00f4t conquis par les id\u00e9es humanistes et l\u2019influence de Luther. La c\u00e9l\u00e8bre universit\u00e9 de droit d\u2019Orl\u00e9ans faisait partie des lieux o\u00f9 se d\u00e9ployait les id\u00e9es nouvelles de l\u2019\u2019humanisme et du luth\u00e9ranisme. Une universit\u00e9 fr\u00e9quent\u00e9e, entre autres, par Pierre-Robert Oliv\u00e9tan, Calvin (arriv\u00e9 \u00e0 19 ans en 1528 pour \u00e9tudier le droit) et de nombreux \u00e9tudiants germaniques gagn\u00e9s au luth\u00e9ranisme. A cette m\u00eame \u00e9poque, le luth\u00e9rien\u00a0<a href=\"https:\/\/regardsprotestants.com\/nos-dossiers-thematiques\/temps-forts-eglise\/dimanche-de-lepiphanie\/\">Melchior<\/a>\u00a0Wolmar, professeur du jeune Th\u00e9odore de B\u00e8ze, dispensa aussi son enseignement aupr\u00e8s de Calvin. (2) \u00ab\u00a0<em><a href=\"https:\/\/regardsprotestants.com\/nos-dossiers-thematiques\/temps-forts-eglise\/dimanche-reformation\/\">La R\u00e9forme<\/a>\u00a0a ainsi vite progress\u00e9 dans la r\u00e9gion\u00a0: cinq pasteurs en 1559 et des cultes rassemblant parfois des milliers de personnes<\/em>\u00a0\u00bb, pr\u00e9cise Gracieuse Moulin. En 1562, La ville accueille le 3<sup>\u00e8me<\/sup>\u00a0synode national. La ville sera, du reste, au c\u0153ur des trois premi\u00e8res guerres de religion (un millier de victimes \u00e0 la Saint Barth\u00e9l\u00e9my). En 1599, le premier temple protestant est construit \u00e0 Bionne pr\u00e8s d\u2019Orl\u00e9ans. Ceci expliquant cela, apr\u00e8s la r\u00e9vocation de l\u2019Edit de Nantes, la foi protestante restera bien vivante dans l\u2019Orl\u00e9anais, notamment dans les campagnes. Ainsi, moins de 50 ans apr\u00e8s l\u2019Edit de Tol\u00e9rance de 1787, un temple sera construit \u00e0 Orl\u00e9ans en 1835 et inaugur\u00e9 quatre ans plus tard. L\u2019un des rares temples protestants ronds dans l\u2019Hexagone, fier de repr\u00e9senter encore aujourd\u2019hui l\u2019Eglise protestante unie de France (3). Sur la m\u00eame place, tout pr\u00e8s de l\u00e0, la statue de Jean Calvin, \u00e9rig\u00e9e en 2009, veille.<\/p>\n<p><strong>R\u00e9pondre \u00e0 la diversit\u00e9 des paroissiens<\/strong><\/p>\n<p>Les protestants sont minoritaires en cette r\u00e9gion, mais ils sont dynamiques. \u00ab\u00a0<em>Nous accueillons de 350 \u00e0 400 foyers. De 80 \u00e0 100 personnes viennent au culte le dimanche<\/em>, raconte Agn\u00e8s Lefranc, pasteur de l\u2019\u00c9glise protestante unie d\u2019Orl\u00e9ans depuis 2016.\u00a0<em>Les profils des paroissiens sont de plus en plus diversifi\u00e9s avec moins de protestants de souche et plus de personnes d\u2019origine catholique ou sans \u00e9ducation religieuse mais en recherche. Nos paroissiens sont aussi souvent issus de l\u2019immigration. Ces histoires diff\u00e9rentes favorisent des attentes multiples. C\u2019est pourquoi, nous cherchons \u00e0 diversifier nos propositions en nous appuyant sur des cultes exprimant cette diversit\u00e9.<\/em>\u00a0\u00bb Le nouveau livret de spontan\u00e9s constitue un bon exemple de cette d\u00e9marche. La nouvelle version propose des spontan\u00e9s pour tous temps dans des styles diff\u00e9rents\u00a0: psaumes, chorals luth\u00e9riens, chants du R\u00e9veil et deux compilations de chants pour jeunes. \u00ab\u00a0<em>Nous rassemblons ainsi, au sein d\u2019un m\u00eame recueil, nos diff\u00e9rentes r\u00e9alit\u00e9s. La musique, ne l\u2019oublions pas, reste un lien sensible et rassembleur\u00a0<\/em>\u00bb, appr\u00e9cie \u00e0 sa juste valeur Agn\u00e8s Lefranc, violoncelliste de profession dans une vie ant\u00e9rieure.<\/p>\n<p><img decoding=\"async\" loading=\"lazy\" class=\"alignleft size-medium wp-image-315\" src=\"https:\/\/blog.regardsprotestants.com\/regardssurlesparoisses\/wp-content\/uploads\/2020\/09\/065-300x400-225x300.jpg\" alt=\"\" width=\"225\" height=\"300\" srcset=\"https:\/\/blog.regardsprotestants.com\/regardssurlesparoisses\/wp-content\/uploads\/2020\/09\/065-300x400-225x300.jpg 225w, https:\/\/blog.regardsprotestants.com\/regardssurlesparoisses\/wp-content\/uploads\/2020\/09\/065-300x400.jpg 300w\" sizes=\"(max-width: 225px) 100vw, 225px\" \/>L\u2019\u00c9glise protestante d\u2019Orl\u00e9ans a, par ailleurs, mis en place un Parcours D\u00e9couverte, de sept s\u00e9ances, destin\u00e9 \u00e0 tous ceux qui s\u2019int\u00e9ressent ou souhaitent rejoindre la communaut\u00e9. Des personnes \u00e0 l\u2019image de la diversit\u00e9 actuelle, d\u2019origine catholique, sans culture religieuse, des jeunes retrait\u00e9s d\u2019origine protestante mais ath\u00e9es, enfin des jeunes adultes qui cheminent vers le\u00a0<a href=\"https:\/\/regardsprotestants.com\/nos-dossiers-thematiques\/les-rites-dans-le-protestantisme\/le-bapteme-et-la-presentation\/\">bapt\u00eame<\/a>. Des s\u00e9ances qui rassemblent entre 20 et 25 personnes. Confinement oblige, les derni\u00e8res s\u00e9ances se sont d\u00e9roul\u00e9es par visioconf\u00e9rence. Cette ouverture aux autres se manifeste \u00e9galement pendant l\u2019Avent. En d\u00e9cembre dernier, tous les soirs au temple, du 1<sup>er<\/sup>\u00a0au 24 \u00e0 19h ou 17h, se d\u00e9roulait une heure de rencontre et de partage pour tous\u00a0: \u00ab\u00a0<em>des cultes pour tous les \u00e2ges, des No\u00ebls du monde, des concerts, des th\u00e8mes de soci\u00e9t\u00e9 \u2026 autour d\u2019un fil rouge, celui de la lumi\u00e8re<\/em>\u00a0\u00bb, annonce le d\u00e9pliant. Au final, un franc succ\u00e8s avec une moyenne de 66 personnes par soir\u00e9e et de nombreuses personnes venues de l\u2019ext\u00e9rieur, dont certaines se sont par la suite inscrites au Parcours D\u00e9couverte. Une lettre hebdomadaire envoy\u00e9e par courriel renforce ce lien, notamment en cette p\u00e9riode de restriction tant au niveau des cultes que des r\u00e9unions. Au sommaire, m\u00e9diations bibliques, annonces des cultes sur RCF, vid\u00e9oconf\u00e9rences, diffusion d\u2019articles de r\u00e9flexion \u2026<\/p>\n<p>La jeunesse tient une place importante dans la vie de la paroisse. Ils sont une bonne centaine, de l\u2019Eveil biblique aux \u00e9tudiants. En 2017, la paroisse a organis\u00e9 un \u00e9v\u00e9nement \u00ab\u00a0<em>un peu fou<\/em>\u00a0\u00bb aux dires de notre pasteure. En l\u2019occurrence une marche \u0153cum\u00e9nique de nuit, en Sologne. Une marche longue de 26 km en cinq \u00e9tapes, d\u2019\u00e9glise en \u00e9glise. Animation \u00e0 l\u2019appui. \u00ab\u00a0<em>Nous \u00e9tions une centaine \u00e0 marcher dont environ 70 jeunes et un encadrement \u00e9videmment tr\u00e8s important. Un tr\u00e8s beau souvenir, car ce fut un moment fort. Les jeunes nous en redemandent, nous y r\u00e9fl\u00e9chissons mais d\u2019un point de vue logistique cela n\u00e9cessite une \u00e9norme organisation<\/em>\u00a0\u00bb, reconna\u00eet Agn\u00e8s Lefranc qui n\u2019a pas dit son dernier mot.<\/p>\n<p>Marie Piat<\/p>\n<p>&nbsp;<\/p>\n<p>(1) M\u00e9moire Protestante en Orl\u00e9ans. www.memoprotestantorleans.org<\/p>\n<p>(2) Calvin resta \u00e0 Orl\u00e9ans de 1528 \u00e01533, mis \u00e0 part une ann\u00e9e \u00e0 Bourges.<\/p>\n<p>(3) \u00c9glise protestante unie d\u2019Orl\u00e9ans : 2 Clo\u00eetre Saint-Pierre Empont \u2013 45000 Orl\u00e9ans. 02 38 53 72 71. www.epudf-orleans.org<\/p>\n<p><iframe loading=\"lazy\" style=\"border: 0;\" tabindex=\"0\" src=\"https:\/\/www.google.com\/maps\/embed?pb=!1m18!1m12!1m3!1d2674.8690460656417!2d1.9064605151408371!3d47.90021987920522!2m3!1f0!2f0!3f0!3m2!1i1024!2i768!4f13.1!3m3!1m2!1s0x47e4e4d1eda8da79%3A0x72e9e6d54a17d08e!2s%C3%89glise%20protestante%20unie%20d'Orl%C3%A9ans!5e0!3m2!1sfr!2sfr!4v1589362680853!5m2!1sfr!2sfr\" width=\"600\" height=\"450\" frameborder=\"0\" allowfullscreen=\"allowfullscreen\" aria-hidden=\"false\"><\/iframe><\/p>\n","protected":false},"excerpt":{"rendered":"<p>Saviez-vous qu&#8217;Orl\u00e9ans \u00e9tait consid\u00e9r\u00e9e, au milieu du 16\u00e8me si\u00e8cle, comme la capitale du protestantisme fran\u00e7ais ? Les si\u00e8cles ont pass\u00e9, mais l\u2019\u00c9glise protestante unie d\u2019Orl\u00e9ans se montre toujours tr\u00e8s active !<\/p>\n","protected":false},"author":2,"featured_media":313,"comment_status":"open","ping_status":"open","sticky":false,"template":"","format":"standard","meta":[],"categories":[1],"tags":[],"_links":{"self":[{"href":"https:\/\/blog.regardsprotestants.com\/regardssurlesparoisses\/wp-json\/wp\/v2\/posts\/312"}],"collection":[{"href":"https:\/\/blog.regardsprotestants.com\/regardssurlesparoisses\/wp-json\/wp\/v2\/posts"}],"about":[{"href":"https:\/\/blog.regardsprotestants.com\/regardssurlesparoisses\/wp-json\/wp\/v2\/types\/post"}],"author":[{"embeddable":true,"href":"https:\/\/blog.regardsprotestants.com\/regardssurlesparoisses\/wp-json\/wp\/v2\/users\/2"}],"replies":[{"embeddable":true,"href":"https:\/\/blog.regardsprotestants.com\/regardssurlesparoisses\/wp-json\/wp\/v2\/comments?post=312"}],"version-history":[{"count":2,"href":"https:\/\/blog.regardsprotestants.com\/regardssurlesparoisses\/wp-json\/wp\/v2\/posts\/312\/revisions"}],"predecessor-version":[{"id":317,"href":"https:\/\/blog.regardsprotestants.com\/regardssurlesparoisses\/wp-json\/wp\/v2\/posts\/312\/revisions\/317"}],"wp:featuredmedia":[{"embeddable":true,"href":"https:\/\/blog.regardsprotestants.com\/regardssurlesparoisses\/wp-json\/wp\/v2\/media\/313"}],"wp:attachment":[{"href":"https:\/\/blog.regardsprotestants.com\/regardssurlesparoisses\/wp-json\/wp\/v2\/media?parent=312"}],"wp:term":[{"taxonomy":"category","embeddable":true,"href":"https:\/\/blog.regardsprotestants.com\/regardssurlesparoisses\/wp-json\/wp\/v2\/categories?post=312"},{"taxonomy":"post_tag","embeddable":true,"href":"https:\/\/blog.regardsprotestants.com\/regardssurlesparoisses\/wp-json\/wp\/v2\/tags?post=312"}],"curies":[{"name":"wp","href":"https:\/\/api.w.org\/{rel}","templated":true}]}}