{"id":304,"date":"2020-03-13T11:59:32","date_gmt":"2020-03-13T10:59:32","guid":{"rendered":"https:\/\/blog.regardsprotestants.com\/regardssurlesparoisses\/?p=304"},"modified":"2020-05-13T12:00:32","modified_gmt":"2020-05-13T10:00:32","slug":"eglise-protestante-unie-de-nimes-un-protestantisme-bien-ancre","status":"publish","type":"post","link":"https:\/\/blog.regardsprotestants.com\/regardssurlesparoisses\/2020\/03\/13\/eglise-protestante-unie-de-nimes-un-protestantisme-bien-ancre\/","title":{"rendered":"\u00c9glise protestante unie de N\u00eemes : un protestantisme bien ancr\u00e9"},"content":{"rendered":"<div class=\"chapeau-article\">Consistoire mais aussi paroisse\u00a0: l\u2019\u00c9glise protestante unie de N\u00eemes reste plus que jamais un fief protestant, et ce, depuis le 16\u00e8me si\u00e8cle. Son histoire suivra celle de la France Huguenote jusqu\u2019\u00e0 accueillir, en 1872, le 1er Synode National organis\u00e9 apr\u00e8s la r\u00e9vocation de l\u2019\u00c9dit de Nantes. Huit pasteurs animent cette belle paroisse au dynamisme certain.<\/div>\n<p><!--more--><br \/>\nUne croix huguenote form\u00e9e de femmes et d\u2019hommes au c\u0153ur des ar\u00e8nes de N\u00eemes : C\u2019est sur cette tr\u00e8s belle image soulignant les racines de la ville tout \u00e0 la fois romaines et protestantes que s\u2019ouvre le site de l\u2019Eglise Protestante Unie de N\u00eemes (1). De fait, la ville que l\u2019on surnomme la \u00ab Rome fran\u00e7aise \u00bb, s\u2019est, d\u00e8s 1532, rapproch\u00e9e de la R\u00e9forme pour ne plus jamais s\u2019en \u00e9loigner. M\u00eame, lors des heures les plus sombres, la garrigue n\u00eemoise c\u00e9venole accueille, apr\u00e8s la r\u00e9vocation de l\u2019\u00c9dit de Nantes en 1685, les premi\u00e8res assembl\u00e9es clandestines plus connues sous le nom de l\u2019\u00c9glise du D\u00e9sert. A noter que ce fief protestant pr\u00e9sente la particularit\u00e9 d\u2019\u00eatre, dans un m\u00eame temps, un Consistoire (depuis 1561) et une seule et unique paroisse, soit une exception dans la France protestante.<\/p>\n<p>Cette organisation (un peu complexe pour les n\u00e9ophytes), fruit d\u2019une longue histoire, s\u2019appuie aujourd\u2019hui sur une seule association cultuelle et quatre conseils de paroisse, dont deux pour le centre-ville dot\u00e9 des trois temples historiques de la ville, l\u2019Oratoire, le Grand Temple et le Petit Temple. Et deux autres conseils pour la zone g\u00e9ographique d\u00e9nomm\u00e9e La Couronne (\u00e0 l\u2019Est et au Sud-Ouest de N\u00eemes). L\u2019un pour La Fraternit\u00e9, l\u2019autre pour le Mas des Abeilles-Saint-C\u00e9saire, cet ensemble comptant trois temples (2). \u00ab L\u2019union des \u00e9glises luth\u00e9ro-r\u00e9form\u00e9es en 2013 a acc\u00e9l\u00e9r\u00e9 le processus d\u2019unification des paroisses de N\u00eemes. C\u2019est ainsi que nous avons cr\u00e9e en 2013 l\u2019\u00c9glise Protestante Unie de N\u00eemes (EPUDN) \u00bb, explique Titia Es-Sbanti, pasteur et responsable du site Internet. \u00ab Notre bel ensemble est subtil, reconna\u00eet Bernard Cavalier, pr\u00e9sident du conseil presbyt\u00e9ral jusqu\u2019\u00e0 fin mars 2020. Si N\u00eemes repr\u00e9sente une seule association cultuelle, chaque conseil de paroisse dispose cependant d\u2019une grande autonomie pour faire vivre sa communaut\u00e9. Cela forme un tout et la coh\u00e9sion est forte. \u00bb<\/p>\n<p><strong><img decoding=\"async\" loading=\"lazy\" class=\"alignleft  wp-image-306\" src=\"https:\/\/blog.regardsprotestants.com\/regardssurlesparoisses\/wp-content\/uploads\/2020\/05\/StCESAIre-printemps-248x330-225x300.jpg\" alt=\"\" width=\"170\" height=\"227\" srcset=\"https:\/\/blog.regardsprotestants.com\/regardssurlesparoisses\/wp-content\/uploads\/2020\/05\/StCESAIre-printemps-248x330-225x300.jpg 225w, https:\/\/blog.regardsprotestants.com\/regardssurlesparoisses\/wp-content\/uploads\/2020\/05\/StCESAIre-printemps-248x330.jpg 248w\" sizes=\"(max-width: 170px) 100vw, 170px\" \/>Compl\u00e9mentarit\u00e9 et autonomie : duo gagnant<\/strong><\/p>\n<p>Une coh\u00e9sion forte, on imagine qu\u2019il en est ainsi car l\u2019\u00c9glise Protestante Unie de N\u00eemes recense quelque 1 800 \u00e0 2000 familles. D\u2019o\u00f9 la pr\u00e9sence de huit pasteurs. Quatre en paroisses, trois pasteurs aum\u00f4niers pour les h\u00f4pitaux et maisons de sant\u00e9 protestantes et un huiti\u00e8me pour la Maison du Protestantisme (2). Si chaque conseil de paroisse garde la main sur l\u2019animation cat\u00e9ch\u00e9tique, en revanche, certaines activit\u00e9s sont mutualis\u00e9es, notamment en ce qui concerne les nombreux cultes. A N\u00eemes, il y en a pour tous les emplois du temps. Outre les cultes en semaine des h\u00f4pitaux et maisons de retraite, chaque week-end, un \u00e0 quatre cultes sont organis\u00e9s, dont un le samedi en fin de journ\u00e9e. \u00ab Nous organisons, chaque mois le samedi, un culte des familles \u00e0 la Maison du Protestantisme \u00e0 17h pr\u00e9c\u00e9d\u00e9 par le cat\u00e9chisme pour petits et grands. Et un culte interg\u00e9n\u00e9rationnel mensuel au Mas des Abeilles pr\u00e9c\u00e9d\u00e9 d\u2019un temps cat\u00e9ch\u00e9tique pour la jeunesse et les adultes. La soir\u00e9e se terminant par un joyeux repas \u00bb, pr\u00e9cise Titia Es-Sbanti. Le site de la paroisse, tout \u00e0 fait remarquable, affiche ainsi le tableau mensuel de tous ces cultes, pr\u00e9cisant horaires et lieux. Chaque ann\u00e9e \u00e9galement, une douzaine de cultes communs sont organis\u00e9s en un lieu unique. Entre autres, f\u00eate de la R\u00e9formation, culte de la cit\u00e9 en novembre, veill\u00e9e de No\u00ebl, cultes des jeudi et vendredi saints, de l\u2019Ascension, ou de la Pentec\u00f4te.<\/p>\n<p><img decoding=\"async\" loading=\"lazy\" class=\"alignleft  wp-image-307\" src=\"https:\/\/blog.regardsprotestants.com\/regardssurlesparoisses\/wp-content\/uploads\/2020\/05\/St-cesaire-ses-murs-tissu-scaled-e1585322320275-227x400-170x300.jpg\" alt=\"\" width=\"170\" height=\"300\" srcset=\"https:\/\/blog.regardsprotestants.com\/regardssurlesparoisses\/wp-content\/uploads\/2020\/05\/St-cesaire-ses-murs-tissu-scaled-e1585322320275-227x400-170x300.jpg 170w, https:\/\/blog.regardsprotestants.com\/regardssurlesparoisses\/wp-content\/uploads\/2020\/05\/St-cesaire-ses-murs-tissu-scaled-e1585322320275-227x400.jpg 227w\" sizes=\"(max-width: 170px) 100vw, 170px\" \/>Des cultes plus traditionnels qui n\u2019emp\u00eachent pas d\u2019autres expressions de la foi de s\u2019exprimer. Il en est ainsi \u00e0 la Maison du Protestantisme, espace de culture protestante ouvert \u00e0 la cit\u00e9, situ\u00e9e aux c\u00f4t\u00e9s de la c\u00e9l\u00e8bre maison romaine, dite Maison Carr\u00e9e : \u00ab Le lieu fait plus de place \u00e0 la culture avec spectacles, rencontres culturelles, t\u00e9moignages et la Foire aux livres annuelle. De plus, chaque jeudi, hors vacances scolaires, rassemble pour un d\u00e9jeuner entre 20 et 40 personnes seules \u00bb, rappelle Titia Es-Sbanti. C\u2019est dans cet esprit que le Petit Temple, qui jouxte la Maison du protestantisme, fait l\u2019objet d\u2019un beau projet. \u00ab Nous souhaitons en faire un lieu tout \u00e0 la fois cultuel et culturel capable de r\u00e9pondre aux exigences actuelles d\u2019accueil d\u2019un large public. Conf\u00e9rences, concerts, pi\u00e8ces de th\u00e9\u00e2tre, films pourront s\u2019y d\u00e9rouler. Une partie du lieu comportera un espace mus\u00e9ographique qui relatera l\u2019histoire du protestantisme \u00e0 N\u00eemes \u00e0 travers les si\u00e8cles \u00bb, se r\u00e9jouit Bernard Cavalier.<\/p>\n<p>Du c\u00f4t\u00e9 de la dimension diaconale, la solidarit\u00e9 reste forte \u00e0 N\u00eemes, notamment \u00e0 la Fraternit\u00e9 o\u00f9 l\u2019on accueille les migrants. Compl\u00e9mentarit\u00e9, coh\u00e9sion et solidarit\u00e9 trouvent leur point d\u2019orgue chaque ann\u00e9e fin novembre lors de la Kermesse de l\u2019EPUDN, \u00e9v\u00e9nement connu de tous les N\u00eemois qui f\u00eatera ses 90 ans en 2020. Une kermesse qui se cl\u00f4t par le culte de la cit\u00e9, en pr\u00e9sence de toutes les autorit\u00e9s n\u00eemoises. Pour finir, comment ne pas \u00e9voquer le cimeti\u00e8re protestant de la ville, datant de la fin du 18\u00e8me si\u00e8cle (1782). Un magnifique lieu de cinq hectares aux arbres tr\u00e8s anciens. Un lieu de s\u00e9r\u00e9nit\u00e9 o\u00f9 le glyphosate a \u00e9t\u00e9 banni il y a maintenant un an au profit du d\u00e9sherbage manuel assur\u00e9 par \u2026 une \u00e9quipe de paroissiens !<\/p>\n<p>(1) Eglise Protestante Unie de N\u00eemes : 3, rue Claude Brousson \u2013 30000 N\u00eemes. 04 66 67 97 40.<br \/>\n<a href=\"https:\/\/nimes-eglise-protestante-unie.fr\/\" target=\"_blank\" rel=\"noopener noreferrer\">www.nimes-eglise-protestante-unie.fr<\/a><\/p>\n<p>(2) Lieux de culte et pasteurs \u00e0 N\u00eemes :<br \/>\n<strong>Temple de l\u2019Oratoire :<\/strong> rue H\u00f4tel Dieu (N\u00eemes centre). Pasteurs : Zohra Mokri et Claire Des Mesnards<br \/>\n<strong>Grand Temple :<\/strong> Bd Amiral Courbet (N\u00eemes centre). Pasteurs : Zohra Mokri et Claire Des Mesnards<br \/>\n<strong>La Fraternit\u00e9 :<\/strong> 7 rue Antoine Delon (N\u00eemes-chemin Bas-route d\u2019Avignon). Pasteur : Iris Reuter<br \/>\n<strong>Temple du Mas des Abeilles :<\/strong> 2135 chemin du Bachas (N\u00eemes sud-ville active). Pasteur : Titia Es-Sbanti<br \/>\n<strong>Temple de St C\u00e9saire :<\/strong> 248, rue du temple \u2013 (N\u00eemes ouest). Pasteur : Titia Es-Sbanti<br \/>\n<strong>Maison du Protestantisme :<\/strong> 3 rue Claude Brousson. Pasteur : Jean-Christophe Muller<br \/>\n<strong>Aum\u00f4nerie des Maisons de retraite protestantes :<\/strong> Pasteur Thierry Azemard<br \/>\n<strong>Aum\u00f4nerie des h\u00f4pitaux (CHU) :<\/strong> Pasteurs Christophe Am\u00e9dro et Lionel Tambon.<br \/>\n<strong>Aum\u00f4nerie des prisons :<\/strong> Pasteurs Aum\u00f4niers : Marie-H\u00e9l\u00e8ne Bonijoly et Franck Messler.<\/p>\n<p><iframe loading=\"lazy\" style=\"border: 0;\" tabindex=\"0\" src=\"https:\/\/www.google.com\/maps\/embed?pb=!1m18!1m12!1m3!1d2877.8098266990382!2d4.3540856155038!3d43.83904097911539!2m3!1f0!2f0!3f0!3m2!1i1024!2i768!4f13.1!3m3!1m2!1s0x12b42da083e92599%3A0x3d3584f74c415f47!2sMaison%20du%20Protestantisme!5e0!3m2!1sfr!2sfr!4v1585322624303!5m2!1sfr!2sfr\" width=\"600\" height=\"450\" frameborder=\"0\" allowfullscreen=\"allowfullscreen\" aria-hidden=\"false\"><\/iframe><\/p>\n","protected":false},"excerpt":{"rendered":"<p>Consistoire mais aussi paroisse\u00a0: l\u2019\u00c9glise protestante unie de N\u00eemes reste plus que jamais un fief protestant, et ce, depuis le 16\u00e8me si\u00e8cle. Son histoire suivra celle de la France Huguenote jusqu\u2019\u00e0 accueillir, en 1872, le 1er Synode National organis\u00e9 apr\u00e8s la r\u00e9vocation de l\u2019\u00c9dit de Nantes. Huit pasteurs animent cette belle paroisse au dynamisme certain.<\/p>\n","protected":false},"author":2,"featured_media":305,"comment_status":"open","ping_status":"open","sticky":false,"template":"","format":"standard","meta":[],"categories":[1],"tags":[],"_links":{"self":[{"href":"https:\/\/blog.regardsprotestants.com\/regardssurlesparoisses\/wp-json\/wp\/v2\/posts\/304"}],"collection":[{"href":"https:\/\/blog.regardsprotestants.com\/regardssurlesparoisses\/wp-json\/wp\/v2\/posts"}],"about":[{"href":"https:\/\/blog.regardsprotestants.com\/regardssurlesparoisses\/wp-json\/wp\/v2\/types\/post"}],"author":[{"embeddable":true,"href":"https:\/\/blog.regardsprotestants.com\/regardssurlesparoisses\/wp-json\/wp\/v2\/users\/2"}],"replies":[{"embeddable":true,"href":"https:\/\/blog.regardsprotestants.com\/regardssurlesparoisses\/wp-json\/wp\/v2\/comments?post=304"}],"version-history":[{"count":2,"href":"https:\/\/blog.regardsprotestants.com\/regardssurlesparoisses\/wp-json\/wp\/v2\/posts\/304\/revisions"}],"predecessor-version":[{"id":309,"href":"https:\/\/blog.regardsprotestants.com\/regardssurlesparoisses\/wp-json\/wp\/v2\/posts\/304\/revisions\/309"}],"wp:featuredmedia":[{"embeddable":true,"href":"https:\/\/blog.regardsprotestants.com\/regardssurlesparoisses\/wp-json\/wp\/v2\/media\/305"}],"wp:attachment":[{"href":"https:\/\/blog.regardsprotestants.com\/regardssurlesparoisses\/wp-json\/wp\/v2\/media?parent=304"}],"wp:term":[{"taxonomy":"category","embeddable":true,"href":"https:\/\/blog.regardsprotestants.com\/regardssurlesparoisses\/wp-json\/wp\/v2\/categories?post=304"},{"taxonomy":"post_tag","embeddable":true,"href":"https:\/\/blog.regardsprotestants.com\/regardssurlesparoisses\/wp-json\/wp\/v2\/tags?post=304"}],"curies":[{"name":"wp","href":"https:\/\/api.w.org\/{rel}","templated":true}]}}