{"id":293,"date":"2020-02-15T10:43:42","date_gmt":"2020-02-15T09:43:42","guid":{"rendered":"https:\/\/blog.regardsprotestants.com\/regardssurlesparoisses\/?p=293"},"modified":"2021-04-13T11:00:52","modified_gmt":"2021-04-13T09:00:52","slug":"foisonnement-theologique-a-leglise-du-bouclier-de-strasbourg","status":"publish","type":"post","link":"https:\/\/blog.regardsprotestants.com\/regardssurlesparoisses\/2020\/02\/15\/foisonnement-theologique-a-leglise-du-bouclier-de-strasbourg\/","title":{"rendered":"Foisonnement th\u00e9ologique \u00e0 l\u2019Eglise du Bouclier de Strasbourg"},"content":{"rendered":"<p>Membre de l\u2019Union des \u00c9glises Protestantes d\u2019Alsace et de Lorraine, l\u2019\u00c9glise r\u00e9form\u00e9e du Bouclier figure parmi les paroisses les plus importantes de Strasbourg. Install\u00e9e dans un b\u00e2timent datant de 1791, elle t\u00e9moigne de l\u2019\u00c9vangile en dialogue avec le monde contemporain. Son approche protestante moderne entend faire honneur \u00e0 l\u2019esprit calviniste en conjuguant culture et th\u00e9ologie.<\/p>\n<p><!--more--><\/p>\n<p>Constituer la communaut\u00e9 de demain, c\u2019est l\u2019ambition de l\u2019\u00c9glise r\u00e9form\u00e9e du Bouclier \u00e0 Strasbourg, h\u00e9riti\u00e8re de la premi\u00e8re paroisse francophone \u00e9tablie par Jean Calvin en 1538 (1). Aujourd\u2019hui situ\u00e9e dans le c\u00e9l\u00e8bre quartier de la Petite France, la paroisse voit en effet ses origines remonter aux tous d\u00e9buts de la R\u00e9forme. Fra\u00eechement expuls\u00e9 de Gen\u00e8ve, Jean Calvin arrive en 1538 \u00e0 Strasbourg \u00e0 la demande de Martin Bucer, pasteur et r\u00e9formateur de cette ville libre d\u2019Empire pass\u00e9e \u00e0 la R\u00e9forme d\u00e8s 1524. Calvin, venu pour enseigner \u00e0 la nouvelle Haute-\u00c9cole, se voit charger de l\u2019accompagnement pastoral des protestants francophones qui se r\u00e9fugiaient \u00e0 Strasbourg pour fuir les pers\u00e9cutions. Le r\u00e9formateur ne restera que trois ann\u00e9es mais celles-ci furent d\u00e9terminantes pour poser les bases et d\u00e9finir les fondamentaux de la premi\u00e8re paroisse r\u00e9form\u00e9e.<\/p>\n<p>\u00ab\u00a0<em>L\u2019\u00c9glise r\u00e9form\u00e9e du Bouclier est l\u2019h\u00e9riti\u00e8re de cette premi\u00e8re communaut\u00e9 d\u2019exil\u00e9s<\/em>\u00a0\u00bb, raconte Fabian Clavairoly, pasteur avec Pierre Magne de la Croix, de cette paroisse. Et nos deux pasteurs de continuer aujourd\u2019hui de fonder les bases de la communaut\u00e9 de demain comme Calvin l\u2019a fait en son temps. Cela passe, notamment, par l\u2019accompagnement de la jeunesse. \u00ab\u00a0<em>C\u2019est une volont\u00e9 affich\u00e9e du Conseil presbyt\u00e9ral et donc l\u2019un des piliers de notre vie paroissiale. Pour ce faire, nous avons mis en place des moyens humains et financiers afin d\u2019adapter l\u2019accompagnement spirituel en perspective de cette ambition<\/em>\u00a0\u00bb, soulignent de concert Pierre Magne de la Croix en charge de son minist\u00e8re depuis 2007 et Fabian Clavairoly arriv\u00e9 en 2013 (tous deux sont issus de l\u2019\u00c9glise Protestante Unie de France). \u00a0Soit plus de 250 jeunes, des plus petits (pour lesquels sont organis\u00e9s des \u00ab\u00a0<em>cultes \u00e0 quatre pattes<\/em>\u00a0\u00bb) aux plus grands, qui font partie int\u00e9grante des activit\u00e9s du Bouclier (2).<\/p>\n<p><strong><img decoding=\"async\" loading=\"lazy\" class=\"alignleft size-medium wp-image-301\" src=\"https:\/\/blog.regardsprotestants.com\/regardssurlesparoisses\/wp-content\/uploads\/2020\/01\/STR_0012-e1580118210828-300x220.jpg\" alt=\"\" width=\"300\" height=\"220\" \/>Une histoire d\u2019engagement<\/strong><\/p>\n<p>Ainsi, au-del\u00e0 des activit\u00e9s traditionnelles de cat\u00e9chisme, la paroisse organise six camps par an : des Vosges \u00e0 la Suisse, de l\u2019\u00c9cosse aux C\u00e9vennes en passant par le Togo. Dans chaque camp, un pasteur, voire deux, ou des membres du Conseil presbyt\u00e9ral. Le cahier des charges des postes pastoraux stipule d&#8217;ailleurs que chaque pasteur doit avoir le BAFD (Brevet d\u2019Aptitude aux Fonctions de Directeur) et pour le reste de l\u2019\u00e9quipe, le BAFA (Brevet d\u2019Aptitude aux Fonctions d\u2019Animateur) est obligatoire (financement offert par la paroisse si besoin). En mati\u00e8re d\u2019encadrement, le Bouclier d\u00e9passe les quotas impos\u00e9s par la loi\u00a0: pour un camp de ski par exemple, la loi stipule qu\u2019un animateur pour douze jeunes est obligatoire. La paroisse en \u00ab\u00a0recrute\u00a0\u00bb quant \u00e0 elle entre six et dix. \u00ab\u00a0<em>Nous souhaitons que les jeunes puissent s\u2019inspirer de plusieurs mod\u00e8les<\/em>\u00a0\u00bb, pr\u00e9cise Fabian Clavairoly. De jeunes paroissiens qui re\u00e7oivent \u00e0 chacun de leur anniversaire jusqu\u2019\u00e0 l\u2019\u00e2ge de 18 ans (254 en 2019), une carte personnalis\u00e9e, riche d\u2019une r\u00e9flexion th\u00e9ologique, de la part d\u2019Elisabeth Christiansen, paroissienne de longue date au Bouclier.<\/p>\n<p>Plus tard, apr\u00e8s leur confirmation, la paroisse demande \u00e0 ces jeunes de s\u2019engager \u00e0 leur tour. \u00ab\u00a0<em>Nous cherchons \u00e0 leur faire comprendre qu\u2019ils ont beaucoup re\u00e7u au cours des derni\u00e8res ann\u00e9es et qu&#8217;ils peuvent \u00e0 leur tour donner aux plus jeunes<\/em>, poursuit Fabian Clavairoly. <em>C\u2019est pourquoi, chaque ann\u00e9e, de nombreux jeunes s&#8217;engagent pour animer l\u2019\u00e9cole biblique ou des camps de jeunes. Cette responsabilit\u00e9 importante les valorise et contribue \u00e0 leur donner confiance en eux.<\/em>\u00a0\u00bb<\/p>\n<p>L\u2019appartenance \u00e0 la communaut\u00e9 du Bouclier se traduit \u00e9galement par l\u2019organisation d\u2019une vie collective bien dense\u00a0adress\u00e9e aux quelque 1\u00a0200 membres accueillis : cin\u00e9ma, chant, concerts, conf\u00e9rences, d\u00e9bats, repas festifs, voyages, randonn\u00e9es, ateliers de r\u00e9flexion \u2026 autant d\u2019activit\u00e9s, de rencontres derri\u00e8re lesquelles la th\u00e9ologie n\u2019est jamais bien loin (2). Une diversit\u00e9 qui permet \u00e0 Pierre Magne de la Croix et Fabian Clavairoly de calibrer l\u2019offre th\u00e9ologique en fonction de la demande\u00a0: \u00ab\u00a0<em>Beaucoup commencent par venir chanter, \u00e9couter un concert ou participer \u00e0 une rencontre tout en restant sur le seuil de l\u2019\u00e9glise. Nous devons donc nous adapter \u00e0 l\u2019\u00e9volution de notre soci\u00e9t\u00e9 en cr\u00e9ant le lien entre vie communautaire et spiritualit\u00e9 <\/em>\u00bb, observent ces derniers. Et Pierre Magne de la Croix de pr\u00e9ciser que \u00ab\u00a0<em>la rencontre de la th\u00e9ologie avec notre monde contemporain reste tr\u00e8s pr\u00e9sente lors des s\u00e9ances de cat\u00e9chisme pour adultes<\/em> (15 \u00e0 30 personnes \u00e0 chaque fois) <em>qui se d\u00e9roulent une fois par mois avant le culte.<\/em>\u00a0\u00bb Au programme cette ann\u00e9e, &#8220;la Cimade&#8221;, &#8220;Karl Barth&#8221;, &#8220;Jacques Ellul&#8221;, &#8220;Zwingli&#8221; ou encore &#8221; Qu&#8217;est-ce qu&#8217;une th\u00e9ologie protestante lib\u00e9rale ? &#8220;.<\/p>\n<p>Autre dimension importante : la musique\u00a0; toujours en droite ligne avec Calvin qui \u00e9tait convaincu que le chant assurait la mise en valeur de la Parole. Le Bouclier compte deux ch\u0153urs, l\u2019un regroupant 80 personnes et l\u2019autre, les Gospels Friends, avec une trentaine de choristes. \u00ab\u00a0<em>La musique est tr\u00e8s importante dans cette r\u00e9gion o\u00f9 la culture musicale est forte, des plus petits aux plus grands. Nous avons la chance d\u2019avoir un tr\u00e8s bel orgue, de facture r\u00e9cente puisqu\u2019arriv\u00e9 en 2007<\/em> \u00bb, explique Pierre Magne de la Croix.<\/p>\n<p>Quant \u00e0 la dimension sociale, l\u2019Entraide protestante, \u00e0 Strasbourg, n\u2019est pas rattach\u00e9e \u00e0 une \u00e9glise mais constitue une institution \u00e0 part \u00e0 laquelle participent toutes les paroisses. Ce qui permet \u00e0 la diaconie protestante strasbourgeoise d\u2019occuper une place pr\u00e9pond\u00e9rante. Mais de cela, nous reparlerons plus tard.<\/p>\n<p>Marie Piat<\/p>\n<ul>\n<li>\u00c9glise r\u00e9form\u00e9e du Bouclier \u00e0 Strasbourg\u00a0(UEPAL) : 4, rue du Bouclier \u2013 67000 Strasbourg. 03 88 75 77 85. Pour m\u00e9moire, l\u2019UEPAL compte environ 80% de Luth\u00e9riens et 20% de R\u00e9form\u00e9s.<\/li>\n<li><a href=\"http:\/\/www.lebouclier.fr\">lebouclier.fr<\/a> ou www.lebouclier.com<\/li>\n<\/ul>\n","protected":false},"excerpt":{"rendered":"<p>Membre de l\u2019Union des \u00c9glises Protestantes d\u2019Alsace et de Lorraine, l\u2019\u00c9glise r\u00e9form\u00e9e du Bouclier figure parmi les paroisses les plus importantes de Strasbourg. Install\u00e9e dans un b\u00e2timent datant de 1791, elle t\u00e9moigne de l\u2019\u00c9vangile en dialogue avec le monde contemporain. Son approche protestante moderne entend faire honneur \u00e0 l\u2019esprit calviniste en conjuguant culture et th\u00e9ologie.<\/p>\n","protected":false},"author":2,"featured_media":300,"comment_status":"open","ping_status":"open","sticky":false,"template":"","format":"standard","meta":[],"categories":[1],"tags":[],"_links":{"self":[{"href":"https:\/\/blog.regardsprotestants.com\/regardssurlesparoisses\/wp-json\/wp\/v2\/posts\/293"}],"collection":[{"href":"https:\/\/blog.regardsprotestants.com\/regardssurlesparoisses\/wp-json\/wp\/v2\/posts"}],"about":[{"href":"https:\/\/blog.regardsprotestants.com\/regardssurlesparoisses\/wp-json\/wp\/v2\/types\/post"}],"author":[{"embeddable":true,"href":"https:\/\/blog.regardsprotestants.com\/regardssurlesparoisses\/wp-json\/wp\/v2\/users\/2"}],"replies":[{"embeddable":true,"href":"https:\/\/blog.regardsprotestants.com\/regardssurlesparoisses\/wp-json\/wp\/v2\/comments?post=293"}],"version-history":[{"count":2,"href":"https:\/\/blog.regardsprotestants.com\/regardssurlesparoisses\/wp-json\/wp\/v2\/posts\/293\/revisions"}],"predecessor-version":[{"id":302,"href":"https:\/\/blog.regardsprotestants.com\/regardssurlesparoisses\/wp-json\/wp\/v2\/posts\/293\/revisions\/302"}],"wp:featuredmedia":[{"embeddable":true,"href":"https:\/\/blog.regardsprotestants.com\/regardssurlesparoisses\/wp-json\/wp\/v2\/media\/300"}],"wp:attachment":[{"href":"https:\/\/blog.regardsprotestants.com\/regardssurlesparoisses\/wp-json\/wp\/v2\/media?parent=293"}],"wp:term":[{"taxonomy":"category","embeddable":true,"href":"https:\/\/blog.regardsprotestants.com\/regardssurlesparoisses\/wp-json\/wp\/v2\/categories?post=293"},{"taxonomy":"post_tag","embeddable":true,"href":"https:\/\/blog.regardsprotestants.com\/regardssurlesparoisses\/wp-json\/wp\/v2\/tags?post=293"}],"curies":[{"name":"wp","href":"https:\/\/api.w.org\/{rel}","templated":true}]}}