{"id":290,"date":"2019-12-30T10:40:09","date_gmt":"2019-12-30T09:40:09","guid":{"rendered":"https:\/\/blog.regardsprotestants.com\/regardssurlesparoisses\/?p=290"},"modified":"2020-01-27T10:41:16","modified_gmt":"2020-01-27T09:41:16","slug":"leglise-protestante-unie-de-cote-dalbatre-caux","status":"publish","type":"post","link":"https:\/\/blog.regardsprotestants.com\/regardssurlesparoisses\/2019\/12\/30\/leglise-protestante-unie-de-cote-dalbatre-caux\/","title":{"rendered":"L\u2019\u00c9glise protestante unie de C\u00f4te d\u2019Alb\u00e2tre-Caux"},"content":{"rendered":"<p>Dans cette petite paroisse de Haute-Normandie, aux racines protestantes datant des d\u00e9buts de la R\u00e9forme, le d\u00e9veloppement du lien tant social que spirituel reste une priorit\u00e9.<\/p>\n<p><!--more--><\/p>\n<p>Le 29 novembre 1787, Louis XVI r\u00e9tablit les droits civils des protestants en promulguant l\u2019Edit de Tol\u00e9rance. Outre-Manche, Jean Guilmard, protestant fran\u00e7ais r\u00e9fugi\u00e9 \u00e0 Londres, ne perd pas de temps. D\u00e8s 1788, ce dernier envoie des fonds pour faire b\u00e2tir une maison de pri\u00e8res destin\u00e9e aux protestants de Bolbec en Seine-Maritime, sa r\u00e9gion d\u2019origine, protestante depuis les premi\u00e8res heures de la R\u00e9forme (en 1528). Cet \u00e9difice, dont la construction sera retard\u00e9e en raison de la R\u00e9volution fran\u00e7aise, voit le jour le 25 d\u00e9cembre 1797. Un joli conte de No\u00ebl \u00e0 l\u2019origine d\u2019un beau temple, parmi les plus anciens de France, qui, au fil des ans et des transformations architecturales (\u00e0 l\u2019int\u00e9rieur comme \u00e0 l\u2019ext\u00e9rieur), sera inscrit en octobre 1986 \u00e0 l\u2019inventaire suppl\u00e9mentaire des monuments historiques. A noter que le temple de Bolbec est dot\u00e9 d\u2019un orgue digne de ce nom (une histoire \u00e0 lui tout seul) install\u00e9 fin mai 1852 par Aristide Cavaill\u00e9-Coll, l\u2019un des plus c\u00e9l\u00e8bres facteurs d\u2019orgue fran\u00e7ais du 19<sup>\u00e8me<\/sup>\u00a0si\u00e8cle (2).Aujourd\u2019hui, Bolbec fait partie de l\u2019Eglise Protestante Unie de la C\u00f4te d\u2019Alb\u00e2tre\/Caux au m\u00eame titre que les villes normandes de Saint-Romain de Colbosc, F\u00e9camp, Goderville, Valmont et Fauville-en-Caux (1). Autant de communaut\u00e9s r\u00e9parties autour de six lieux diff\u00e9rents et de trois temples qu\u2019il convient de relier les unes aux autres. Une t\u00e2che bien connue de ces pasteurs habitu\u00e9s \u00e0 ces paroisses dispers\u00e9es, mais n\u00e9anmoins soucieuses de se rassembler. Chaque dimanche \u00e0 Bolbec pour le culte. Et, deux fois par mois, \u00e0 F\u00e9camp et Saint-Romain de Colbosc. Depuis 2011, les quelque 170 familles de l\u2019EPUdF C\u00f4te d\u2019Alb\u00e2tre\/Caux sont plac\u00e9es sous le minist\u00e8re du pasteur Volker Kr\u00f6nert qui arrivait de Charente (Rochefort et Saint-Jean d\u2019Ang\u00e9ly). Volker Kr\u00f6nert alterne d\u2019un temple \u00e0 l\u2019autre \u00e9paul\u00e9 par une \u00e9quipe de cinq pr\u00e9dicateurs la\u00efcs compos\u00e9e de deux femmes et trois hommes.<\/p>\n<p><strong><img decoding=\"async\" loading=\"lazy\" class=\"alignleft size-medium wp-image-295\" src=\"https:\/\/blog.regardsprotestants.com\/regardssurlesparoisses\/wp-content\/uploads\/2020\/01\/IMG_20191211_143501-225x300-225x300.jpg\" alt=\"\" width=\"225\" height=\"300\" \/>Engagement social<\/strong><\/p>\n<p>\u00ab\u00a0<em>Le grand engagement dans la vie sociale de l\u2019Eglise et de la ville constitue une des principales sp\u00e9cificit\u00e9s de notre paroisse,<\/em>\u00a0raconte Volker Kr\u00f6nert.\u00a0<em>Notre Entraide Protestante repr\u00e9sente l\u2019association pivot de la Banque Alimentaire. Nous aidons environ 400 personnes qui peuvent venir le vendredi matin entre 8h et 13h et sont accueillies, autour d\u2019un caf\u00e9, par une \u00e9quipe d\u2019une dizaine de membres.<\/em>\u00a0\u00bb La fermeture des usines de tissage dans les ann\u00e9es 70 et 80 expliquent en partie l\u2019importance de cette population \u00e0 aider. \u00ab\u00a0<em>Car la mis\u00e8re s\u2019est install\u00e9e depuis<\/em>\u00a0\u00bb, regrette Volker Kr\u00f6nert. Une mission g\u00e9r\u00e9e en compl\u00e9mentarit\u00e9 avec la ville de Bolbec, qui met \u00e0 la disposition de l\u2019Entraide les locaux, et le Secours Catholique qui s\u2019occupe du Vestiaire. \u00ab\u00a0<em>L\u2019Eglise dit au nom de Dieu que chaque \u00eatre humain a une valeur infinie. Un chr\u00e9tien ne peut pas rester insensible quand des \u00eatres humains en France ou ailleurs dans le monde, n\u2019arrivent pas \u00e0 vivre dignement\u00a0<\/em>\u00bb, rappelle notre pasteur \u00e0 juste titre. Le lien social est aussi favoris\u00e9 et d\u00e9velopp\u00e9 au \u00ab\u00a0<em>Bon Foyer<\/em>\u00a0\u00bb, autre association protestante dynamique disposant d\u2019une maison d\u2019accueil \u00e0 Bolbec pour organiser animations et festivit\u00e9s diverses.<\/p>\n<p>La paroisse a \u00e9galement mis en place un cat\u00e9chisme pour adultes. Depuis 2017, une fois par mois, quelques adultes, en g\u00e9n\u00e9ral baptis\u00e9s, se r\u00e9unissent avec le pasteur pour d\u00e9couvrir le message biblique et l\u2019histoire de la R\u00e9forme. \u00ab\u00a0<em>Une demande s\u2019\u00e9tait manifest\u00e9e<\/em>, pr\u00e9cise Volker Kr\u00f6nert.\u00a0<em>Ces adultes, que nous avons accueillis \u00e0 la Pentec\u00f4te 2017, sont en recherche d\u2019une Eglise ouverte dans laquelle les questions ne sont pas interdites. La demande pour cette qu\u00eate est croissante.<\/em>\u00a0\u00bb Le partage biblique (chaque mois) s\u2019inscrit aussi dans cette logique avec une douzaine de participants int\u00e9ress\u00e9s par le message chr\u00e9tien. A l\u2019\u00e9tude cette ann\u00e9e, les paraboles de J\u00e9sus. Un caf\u00e9 Th\u00e9o compl\u00e8te l\u2019ensemble. En ce qui concerne les enfants, l\u2019\u00e9cole biblique se d\u00e9roule une fois par mois \u00e0 F\u00e9camp. Pour le cat\u00e9chisme (une quinzaine d\u2019enfants), l\u2019Eglise Protestante Unie C\u00f4te d\u2019Alb\u00e2tre\/Caux agit en compl\u00e9mentarit\u00e9 et en alternance avec les paroisses du Havre et de Lillebonne. Toujours une fois par mois et un week-end durant l\u2019ann\u00e9e scolaire. Enfin, en vue \u00ab\u00a0<em>d\u2019apporter la preuve que la foi chr\u00e9tienne et la modernit\u00e9 ne se contredisent pas mais se compl\u00e8tent<\/em>\u00a0\u00bb, conclut Volker Kr\u00f6nert, la paroisse, aid\u00e9e pour ce faire par la Fondation Bersier, a d\u00e9cid\u00e9 de cr\u00e9er un site Internet. A d\u00e9couvrir en 2020.<\/p>\n<p>Marie Piat<\/p>\n<ul>\n<li>Eglise Protestante Unie de France C\u00f4te d\u2019Alb\u00e2tre\/Caux. 10, rue Pasteur, 76210 Bolbec. 02 35 31 02 32<\/li>\n<li>Le temple de Bolbec \u00e0 l\u2019excellente acoustique donne, chaque ann\u00e9e, plusieurs concerts.<\/li>\n<\/ul>\n<p><!--more--><\/p>\n","protected":false},"excerpt":{"rendered":"<p>Dans cette petite paroisse de Haute-Normandie, aux racines protestantes datant des d\u00e9buts de la R\u00e9forme, le d\u00e9veloppement du lien tant social que spirituel reste une priorit\u00e9.<\/p>\n","protected":false},"author":2,"featured_media":296,"comment_status":"open","ping_status":"open","sticky":false,"template":"","format":"standard","meta":[],"categories":[1],"tags":[],"_links":{"self":[{"href":"https:\/\/blog.regardsprotestants.com\/regardssurlesparoisses\/wp-json\/wp\/v2\/posts\/290"}],"collection":[{"href":"https:\/\/blog.regardsprotestants.com\/regardssurlesparoisses\/wp-json\/wp\/v2\/posts"}],"about":[{"href":"https:\/\/blog.regardsprotestants.com\/regardssurlesparoisses\/wp-json\/wp\/v2\/types\/post"}],"author":[{"embeddable":true,"href":"https:\/\/blog.regardsprotestants.com\/regardssurlesparoisses\/wp-json\/wp\/v2\/users\/2"}],"replies":[{"embeddable":true,"href":"https:\/\/blog.regardsprotestants.com\/regardssurlesparoisses\/wp-json\/wp\/v2\/comments?post=290"}],"version-history":[{"count":4,"href":"https:\/\/blog.regardsprotestants.com\/regardssurlesparoisses\/wp-json\/wp\/v2\/posts\/290\/revisions"}],"predecessor-version":[{"id":299,"href":"https:\/\/blog.regardsprotestants.com\/regardssurlesparoisses\/wp-json\/wp\/v2\/posts\/290\/revisions\/299"}],"wp:featuredmedia":[{"embeddable":true,"href":"https:\/\/blog.regardsprotestants.com\/regardssurlesparoisses\/wp-json\/wp\/v2\/media\/296"}],"wp:attachment":[{"href":"https:\/\/blog.regardsprotestants.com\/regardssurlesparoisses\/wp-json\/wp\/v2\/media?parent=290"}],"wp:term":[{"taxonomy":"category","embeddable":true,"href":"https:\/\/blog.regardsprotestants.com\/regardssurlesparoisses\/wp-json\/wp\/v2\/categories?post=290"},{"taxonomy":"post_tag","embeddable":true,"href":"https:\/\/blog.regardsprotestants.com\/regardssurlesparoisses\/wp-json\/wp\/v2\/tags?post=290"}],"curies":[{"name":"wp","href":"https:\/\/api.w.org\/{rel}","templated":true}]}}