{"id":281,"date":"2019-11-20T16:33:55","date_gmt":"2019-11-20T15:33:55","guid":{"rendered":"https:\/\/blog.regardsprotestants.com\/regardssurlesparoisses\/?p=281"},"modified":"2019-12-13T16:36:47","modified_gmt":"2019-12-13T15:36:47","slug":"leglise-protestante-unie-de-corse","status":"publish","type":"post","link":"https:\/\/blog.regardsprotestants.com\/regardssurlesparoisses\/2019\/11\/20\/leglise-protestante-unie-de-corse\/","title":{"rendered":"L\u2019\u00c9glise protestante unie de Corse"},"content":{"rendered":"<p>C\u2019est au milieu du 19\u00e8me si\u00e8cle que l\u2019\u00c9glise protestante s\u2019est install\u00e9e en Corse, sur cette terre \u00f4 combien catholique. Une paroisse diss\u00e9min\u00e9e, g\u00e9ographie oblige, mais bel et bien active et solidaire.<!--more--><\/p>\n<p><em><strong>Les enjeux : gagner en visibilit\u00e9 gr\u00e2ce \u00e0 des lieux de culte et d\u2019accueil d\u00e9di\u00e9s \u00e0 part enti\u00e8re au protestantisme.<\/strong><\/em><\/p>\n<p>\u00ab La Corse est une montagne dans la mer \u00bb peut-on lire sur le site de l\u2019\u00c9glise protestante unie de Corse. Le fait est que, sur cette \u00eele m\u00e9diterran\u00e9enne situ\u00e9e non loin de la Sardaigne, \u00ab il faut avoir le don d\u2019ubiquit\u00e9 et aimer jouer les nomades \u00bb, s\u2019amuse Marie-Odile Wilson-Sorba, pasteure de l\u2019EPUdF Corse depuis six ans. C\u2019est ainsi que l\u2019\u00eele de beaut\u00e9 protestante s\u2019organise en fonction de ses deux presbyt\u00e8res et lieux de culte s\u00e9par\u00e9s par \u2026 trois heures de route : l\u2019un \u00e0 Bastia au Nord dans le temple install\u00e9 dans la maison paroissiale, l\u2019autre \u00e0 Ajaccio (au Sud-Ouest) dans la chapelle catholique Sainte-Lucie (1) pr\u00eat\u00e9e pour les cultes par le dioc\u00e8se catholique. \u00ab Il me faut donc alterner un dimanche sur deux, explique notre pasteure habitu\u00e9e des \u00eeles montagneuses pour avoir exerc\u00e9 b\u00e9n\u00e9volement un minist\u00e8re pr\u00e9c\u00e9dent \u00e0 la R\u00e9union (de 1998 \u00e0 2004). Je suis tr\u00e8s heureusement \u00e9paul\u00e9e par des \u00e9quipes qui ont su, notamment, prendre en main la vie paroissiale durant les longues ann\u00e9es de vacance pastorale. \u00bb Des \u00e9quipes constitu\u00e9es de trois pr\u00e9dicateurs la\u00efcs et deux lecteurs \u00e0 Ajaccio, tandis que deux pr\u00e9dicateurs et trois lecteurs se partagent la t\u00e2che \u00e0 Bastia. \u00c9quipes \u00e9galement indispensables pour organiser les cultes ponctuels \u00e0 Porto Vecchio chez une paroissienne \u00e0 Ghisonaccia Gare un samedi par mois. Voire \u00e0 Pianotolli-Caldarello pour l\u2019Ascension, \u00e0 Carg\u00e8se de temps \u00e0 autre. Ou \u00e0 Sart\u00e8ne lors de cultes de maison, ainsi qu\u2019\u00e0 Ile Rousse environ tous les deux mois dans les locaux de l\u2019\u00e9cole catholique. Avec, actuellement, un renfort venu du Qu\u00e9bec en la pr\u00e9sence du pasteur Daniel Forget et de son \u00e9pouse.<\/p>\n<p><strong>Solidarit\u00e9 r\u00e9gionale pour une paroisse diss\u00e9min\u00e9e<\/strong><\/p>\n<p><img decoding=\"async\" loading=\"lazy\" class=\"alignleft size-medium wp-image-283\" src=\"https:\/\/blog.regardsprotestants.com\/regardssurlesparoisses\/wp-content\/uploads\/2019\/12\/PIETRANERA-181007-bastia-culte-recoltes-4082-web-225x300-225x300.jpg\" alt=\"\" width=\"225\" height=\"300\" \/>L\u2019\u00c9glise protestante unie de Corse compte ainsi quelque 230 familles diss\u00e9min\u00e9es sur toute l&#8217;\u00eele, dont environ 80 familles dans la r\u00e9gion de Bastia et autant du c\u00f4t\u00e9 d\u2019Ajaccio. Les paroissiens sont principalement issus de diverses sensibilit\u00e9s chr\u00e9tiennes : r\u00e9form\u00e9e, luth\u00e9rienne, \u00e9vang\u00e9lique, catholique. Des continentaux install\u00e9s en Corse depuis parfois tr\u00e8s longtemps d\u2019origines c\u00e9venole, alsacienne, parisienne, suisse, malgache et corse. Le conseil presbyt\u00e9ral, dirig\u00e9 par Sigrid Hansen-Catania, est issu du nord et du sud de l\u2019\u00eele. Ce qui permet de palier les distances insulaires et d\u2019organiser la vie d\u2019Eglise autour des piliers traditionnels : Cycles bibliques mensuels pour adultes \u00e0 Bastia, Ajaccio et Ghisonaccia ; Conf\u00e9rences et concerts plusieurs fois par an ; Cr\u00e9ation d\u2019une chorale gospel \u00e0 Bastia ; Participation, chaque semaine, aux deux radios chr\u00e9tiennes de la Corse ; et organisation du cat\u00e9chisme : un groupe d\u2019Ecole Biblique sur Ajaccio et envoi d\u2019un journal mensuel pour les autres avec r\u00e9cits bibliques et jeux. Enfin, depuis quatre ans, la paroisse organise un camp d\u2019\u00e9t\u00e9 pour les jeunes (Mus\u00e9e du D\u00e9sert en 2018).<\/p>\n<p>La paroisse est aussi tr\u00e8s impliqu\u00e9e dans l\u2019aum\u00f4nerie de prison avec un aum\u00f4nier issu de ses rangs dans chacun des trois \u00e9tablissements p\u00e9nitentiaires de Corse. L\u2019\u00c9glise participe \u00e9galement, \u00e0 Ajaccio comme \u00e0 Bastia, \u00e0 un Groupe local de r\u00e9flexion \u00ab Concertation Prison \u00bb qui r\u00e9unit des acteurs impliqu\u00e9s dans ce domaine, dont l\u2019Entraide protestante qui soutient les prisonniers \u00e0 leur sortie. \u00ab L\u2019EPUdF de Corse reste une paroisse quelque peu missionnaire riche d\u2019une forte solidarit\u00e9 r\u00e9gionale, observe Marie-Odile Wilson-Sorba. Mon minist\u00e8re consiste \u00e0 renforcer cette structure, notamment pour accueillir les nouveaux arrivants. Il faut du temps pour faire le lien et fid\u00e9liser. Mais notre paroisse demeure pertinente car la pens\u00e9e protestante est n\u00e9cessaire \u00e0 l\u2019offre spirituelle de la Corse. Quand bien-m\u00eame l\u2019Ile reste marqu\u00e9e par un catholicisme identitaire, il est important qu\u2019il y ait des propositions spirituelles diff\u00e9rentes. Du reste, ici, le protestantisme est consid\u00e9r\u00e9 comme une confession historique depuis son installation au milieu du 19\u00e8me si\u00e8cle \u00e0 Bastia. Son audience est \u00e9tonnante par rapport \u00e0 notre nombre. \u00bb<\/p>\n<p>Pour favoriser son d\u00e9veloppement en Corse, l\u2019\u00c9glise protestante unie poursuit deux principaux projets. Le premier consiste \u00e0 \u00ab r\u00e9cup\u00e9rer \u00bb \u00e0 Ajaccio la chapelle anglicane construite au 19\u00e8me si\u00e8cle, actuellement propri\u00e9t\u00e9 de la commune. Il y aurait bon espoir. Affaire \u00e0 suivre donc. Probl\u00e8mes de locaux \u00e0 r\u00e9soudre \u00e9galement \u00e0 Bastia. \u00ab C\u2019est notre second grand projet, car nos locaux actuels, les cultes ayant lieu dans le presbyt\u00e8re, ne sont pas pratiques, difficiles d\u2019acc\u00e8s et peu visibles. Il va nous falloir trouver un lieu pertinent pour un temple et les m\u00e9c\u00e8nes qui vont avec \u00bb, reconna\u00eet Marie-Odile Wilson-Sorba. Dernier projet pour cette derni\u00e8re, qualifi\u00e9 de r\u00eave, dans le cadre de l\u2019association d\u2019Entraide de la paroisse cr\u00e9\u00e9e en 2016. Un projet \u00e0 dimension diaconale et spirituelle autour de l\u2019ouverture, \u00e0 Bastia, d\u2019un lieu d\u2019accueil pluriel, convivial et mixte. Soit un espace pour accueillir et loger (moyennant un petit loyer) \u00e9tudiants, r\u00e9fugi\u00e9s, personnes \u00e2g\u00e9es ou artistes. Autre affaire \u00e0 suivre \u2026<\/p>\n<p>(1) Bastia : Le temple se situe dans la maison paroissiale,16 route du Cap sur la commune de Pietranera.<br \/>\nAjaccio : Le culte se d\u00e9roule dans la chapelle catholique Sainte-Lucie, 79 cours Napol\u00e9on.<\/p>\n<p><a href=\"http:\/\/www.eglise-protestante-unie.fr\/corse\" target=\"_blank\" rel=\"noopener noreferrer\">www.eglise-protestante-unie.fr\/corse<\/a><\/p>\n","protected":false},"excerpt":{"rendered":"<p>C\u2019est au milieu du 19\u00e8me si\u00e8cle que l\u2019\u00c9glise protestante s\u2019est install\u00e9e en Corse, sur cette terre \u00f4 combien catholique. Une paroisse diss\u00e9min\u00e9e, g\u00e9ographie oblige, mais bel et bien active et solidaire.<\/p>\n","protected":false},"author":2,"featured_media":282,"comment_status":"open","ping_status":"open","sticky":false,"template":"","format":"standard","meta":[],"categories":[1],"tags":[],"_links":{"self":[{"href":"https:\/\/blog.regardsprotestants.com\/regardssurlesparoisses\/wp-json\/wp\/v2\/posts\/281"}],"collection":[{"href":"https:\/\/blog.regardsprotestants.com\/regardssurlesparoisses\/wp-json\/wp\/v2\/posts"}],"about":[{"href":"https:\/\/blog.regardsprotestants.com\/regardssurlesparoisses\/wp-json\/wp\/v2\/types\/post"}],"author":[{"embeddable":true,"href":"https:\/\/blog.regardsprotestants.com\/regardssurlesparoisses\/wp-json\/wp\/v2\/users\/2"}],"replies":[{"embeddable":true,"href":"https:\/\/blog.regardsprotestants.com\/regardssurlesparoisses\/wp-json\/wp\/v2\/comments?post=281"}],"version-history":[{"count":1,"href":"https:\/\/blog.regardsprotestants.com\/regardssurlesparoisses\/wp-json\/wp\/v2\/posts\/281\/revisions"}],"predecessor-version":[{"id":284,"href":"https:\/\/blog.regardsprotestants.com\/regardssurlesparoisses\/wp-json\/wp\/v2\/posts\/281\/revisions\/284"}],"wp:featuredmedia":[{"embeddable":true,"href":"https:\/\/blog.regardsprotestants.com\/regardssurlesparoisses\/wp-json\/wp\/v2\/media\/282"}],"wp:attachment":[{"href":"https:\/\/blog.regardsprotestants.com\/regardssurlesparoisses\/wp-json\/wp\/v2\/media?parent=281"}],"wp:term":[{"taxonomy":"category","embeddable":true,"href":"https:\/\/blog.regardsprotestants.com\/regardssurlesparoisses\/wp-json\/wp\/v2\/categories?post=281"},{"taxonomy":"post_tag","embeddable":true,"href":"https:\/\/blog.regardsprotestants.com\/regardssurlesparoisses\/wp-json\/wp\/v2\/tags?post=281"}],"curies":[{"name":"wp","href":"https:\/\/api.w.org\/{rel}","templated":true}]}}