{"id":274,"date":"2019-04-18T11:36:24","date_gmt":"2019-04-18T09:36:24","guid":{"rendered":"https:\/\/blog.regardsprotestants.com\/regardssurlesparoisses\/?p=274"},"modified":"2019-07-04T11:37:35","modified_gmt":"2019-07-04T09:37:35","slug":"le-pasteur-et-son-double","status":"publish","type":"post","link":"https:\/\/blog.regardsprotestants.com\/regardssurlesparoisses\/2019\/04\/18\/le-pasteur-et-son-double\/","title":{"rendered":"Le pasteur et son double"},"content":{"rendered":"<div class=\"chapeau-article\">Employer des responsables la\u00efcs pour soutenir les pasteurs ? L&#8217;id\u00e9e fait son chemin. Entretien avec Guillaume de Clermont, pr\u00e9sident de l\u2019Eglise protestante unie de France en r\u00e9gion Ouest, qui m\u00e8ne actuellement l&#8217;exp\u00e9rience.<\/div>\n<p><!--more--><br \/>\n<em>L\u2019Eglise protestante unie de France envisagerait de d\u00e9signer des charg\u00e9s de mission r\u00e9gionaux r\u00e9mun\u00e9r\u00e9s afin de soutenir des secteurs en d\u00e9ficit de pr\u00e9sence pastorale. L\u2019id\u00e9e \u00e9tant d\u2019employer des responsables la\u00efcs qui ne seraient pas des pasteurs mais capables de travailler \u00e0 plein temps au service de l\u2019Eglise. La r\u00e9gion Ouest m\u00e8ne actuellement une exp\u00e9rience de ce type. Guillaume de Clermont, pr\u00e9sident de l\u2019EPUdF Ouest r\u00e9pond \u00e0 nos questions.<\/em><\/p>\n<p><strong>La r\u00e9gion de l\u2019EPUdF Ouest a cr\u00e9\u00e9 un poste de charg\u00e9 de mission r\u00e9gional r\u00e9mun\u00e9r\u00e9, au service du Poitou rural protestant. Une exp\u00e9rience, pour l\u2019heure, unique dans la France protestante. Quelles sont les raisons qui ont pr\u00e9sid\u00e9 \u00e0 cette d\u00e9cision ?<\/strong><\/p>\n<p>Si la F\u00e9d\u00e9ration protestante de France compte quelque 1 650 pasteurs, il n\u2019en demeure pas moins que l\u2019Eglise protestante unie de France manque de ministres. Notamment parce que la g\u00e9n\u00e9ration Babyboom prend sa retraite. De fait, pour maintenir le niveau actuel du nombre de pasteurs, il en faudrait seize nouveaux chaque ann\u00e9e et non pas une moyenne de onze comme nous le constatons aujourd\u2019hui. N\u2019oublions pas que certaines paroisses n\u2019ont plus de pasteurs depuis plusieurs ann\u00e9es. C\u2019est la raison pour laquelle nous r\u00e9fl\u00e9chissions, au sein de notre \u00e9glise, \u00e0 la possibilit\u00e9 de cr\u00e9er un poste de charg\u00e9 de mission r\u00e9gional r\u00e9mun\u00e9r\u00e9 pour venir en aide aux \u00e9glises. Un groupe de travail a donc \u00e9t\u00e9 cr\u00e9\u00e9 afin d\u2019\u00e9tudier la faisabilit\u00e9 de cette cr\u00e9ation de poste dans notre r\u00e9gion. Au terme de cette r\u00e9flexion, nous avons d\u00e9cid\u00e9 d\u2019embaucher, en novembre 2017, Christiane H., une femme engag\u00e9e depuis une trentaine d\u2019ann\u00e9es dans une paroisse locale de la r\u00e9gion et disponible pour se mettre au service de notre Eglise \u00e0 plein temps avant de prendre sa retraite. Il s\u2019agit d\u2019un CDI \u00e0 plein temps, sous ma responsabilit\u00e9, pour une mission de trois ann\u00e9es jusqu\u2019\u00e0 ce que cette derni\u00e8re prenne sa retraite courant 2020.<\/p>\n<p><strong>Quelles sont les missions de Madame H. ?<\/strong><\/p>\n<p>Christiane H. travaille en lien avec le pasteur Bertrand Marchand, ministre de l\u2019Ensemble du Poitou rural protestant, qui regroupe treize temples. Un Ensemble qui va tr\u00e8s prochainement regrouper les associations cultuelles de Lezay, de La Mothe-Saint-H\u00e9ray, situ\u00e9s dans les Deux-S\u00e8vres, et de Lusignan, dans la Vienne. Christiane H. est engag\u00e9e pour soutenir ce secteur dans lequel un poste pastoral n\u2019est pas pourvu. Dans ce contexte, cette derni\u00e8re est associ\u00e9e \u00e0 toutes les activit\u00e9s de l\u2019Eglise. Et, partant, peut donc prendre en charge les cultes et assurer tous les actes pastoraux, du bapt\u00eame au service fun\u00e8bre en passant par les mariages. L\u2019animation biblique et les visites de personnes font \u00e9galement partie de ses activit\u00e9s. Nous lui avons ainsi confi\u00e9 une mission eccl\u00e9siale \u00e0 part enti\u00e8re.<\/p>\n<p><strong>Quel bilan l\u2019EPUdF peut-elle d\u2019ores et d\u00e9j\u00e0 tirer de cette exp\u00e9rience ?<\/strong><\/p>\n<p>Sur le plan de l\u2019aide apport\u00e9e, l\u2019exp\u00e9rience nous semble d\u00e9j\u00e0 tout \u00e0 fait concluante. Par ailleurs, au-del\u00e0 des aspects financiers, c\u2019est plut\u00f4t sur le plan administratif que nous rencontrons des difficult\u00e9s. Les contrats de travail du commun des mortels, autrement dit standards, ne sont, en effet, pas adapt\u00e9s aux contraintes de la vie de notre Eglise et le contrat de travail de Christiane H. s\u2019inscrit dans le cadre du protocole d\u2019accord interne \u00e0 l\u2019EPUdF pour le personnel la\u00efc<strong>. <\/strong>Mais, dans le cas pr\u00e9cis de ce poste de charg\u00e9 de mission r\u00e9gional r\u00e9mun\u00e9r\u00e9, nous souhaiterions cr\u00e9er une nouvelle cat\u00e9gorie, soit une fonction bien identifi\u00e9e apparent\u00e9e \u00e0 celle de nos pasteurs. Pour m\u00e9moire, le statut de nos ministres du culte ne rel\u00e8ve pas du droit du travail. Il faudra \u00e9galement prendre en compte le niveau de formation de ces futurs charg\u00e9s de mission. Sans atteindre celui des pasteurs, qui sont, au minimum, dipl\u00f4m\u00e9s d\u2019un master en th\u00e9ologie, le niveau th\u00e9ologique devra \u00eatre \u00e0 la hauteur. Il y a donc une vraie r\u00e9flexion \u00e0 mener. Nous \u00e9tablirons un premier bilan d\u2019ici l\u2019\u00e9t\u00e9 prochain. L\u2019exp\u00e9rience est tr\u00e8s attentivement regard\u00e9e par les autres r\u00e9gions. La r\u00e9flexion sur ces charg\u00e9s de mission r\u00e9gionaux r\u00e9mun\u00e9r\u00e9s aboutira lors du Synode national de 2021.<\/p>\n<p>Marie Piat<\/p>\n","protected":false},"excerpt":{"rendered":"<p>Employer des responsables la\u00efcs pour soutenir les pasteurs ? L&#8217;id\u00e9e fait son chemin. Entretien avec Guillaume de Clermont, pr\u00e9sident de l\u2019Eglise protestante unie de France en r\u00e9gion Ouest, qui m\u00e8ne actuellement l&#8217;exp\u00e9rience.<\/p>\n","protected":false},"author":2,"featured_media":275,"comment_status":"open","ping_status":"open","sticky":false,"template":"","format":"standard","meta":[],"categories":[1],"tags":[],"_links":{"self":[{"href":"https:\/\/blog.regardsprotestants.com\/regardssurlesparoisses\/wp-json\/wp\/v2\/posts\/274"}],"collection":[{"href":"https:\/\/blog.regardsprotestants.com\/regardssurlesparoisses\/wp-json\/wp\/v2\/posts"}],"about":[{"href":"https:\/\/blog.regardsprotestants.com\/regardssurlesparoisses\/wp-json\/wp\/v2\/types\/post"}],"author":[{"embeddable":true,"href":"https:\/\/blog.regardsprotestants.com\/regardssurlesparoisses\/wp-json\/wp\/v2\/users\/2"}],"replies":[{"embeddable":true,"href":"https:\/\/blog.regardsprotestants.com\/regardssurlesparoisses\/wp-json\/wp\/v2\/comments?post=274"}],"version-history":[{"count":1,"href":"https:\/\/blog.regardsprotestants.com\/regardssurlesparoisses\/wp-json\/wp\/v2\/posts\/274\/revisions"}],"predecessor-version":[{"id":276,"href":"https:\/\/blog.regardsprotestants.com\/regardssurlesparoisses\/wp-json\/wp\/v2\/posts\/274\/revisions\/276"}],"wp:featuredmedia":[{"embeddable":true,"href":"https:\/\/blog.regardsprotestants.com\/regardssurlesparoisses\/wp-json\/wp\/v2\/media\/275"}],"wp:attachment":[{"href":"https:\/\/blog.regardsprotestants.com\/regardssurlesparoisses\/wp-json\/wp\/v2\/media?parent=274"}],"wp:term":[{"taxonomy":"category","embeddable":true,"href":"https:\/\/blog.regardsprotestants.com\/regardssurlesparoisses\/wp-json\/wp\/v2\/categories?post=274"},{"taxonomy":"post_tag","embeddable":true,"href":"https:\/\/blog.regardsprotestants.com\/regardssurlesparoisses\/wp-json\/wp\/v2\/tags?post=274"}],"curies":[{"name":"wp","href":"https:\/\/api.w.org\/{rel}","templated":true}]}}