{"id":270,"date":"2019-04-29T11:32:38","date_gmt":"2019-04-29T09:32:38","guid":{"rendered":"https:\/\/blog.regardsprotestants.com\/regardssurlesparoisses\/?p=270"},"modified":"2019-07-04T11:38:40","modified_gmt":"2019-07-04T09:38:40","slug":"leglise-protestante-unie-de-lezay-au-coeur-de-leglise-verte","status":"publish","type":"post","link":"https:\/\/blog.regardsprotestants.com\/regardssurlesparoisses\/2019\/04\/29\/leglise-protestante-unie-de-lezay-au-coeur-de-leglise-verte\/","title":{"rendered":"L\u2019\u00c9glise protestante unie de Lezay au c\u0153ur de l\u2019\u00c9glise verte"},"content":{"rendered":"<div class=\"chapeau-article\">Engag\u00e9e, depuis le printemps 2018, dans la d\u00e9marche \u00c9glise verte et solidaire, l\u2019\u00c9glise protestante unie de Lezay, situ\u00e9e dans les Deux-S\u00e8vres, figure parmi les toutes premi\u00e8res \u00e0 avoir relev\u00e9 le d\u00e9fi.<\/div>\n<p><!--more--><\/p>\n<p><strong><em>Il est vrai que ce bastion protestant, dont les origines huguenotes remontent au 16<sup>\u00e8me<\/sup> si\u00e8cle, n\u2019en est pas \u00e0 son premier d\u00e9fi. Une \u00e9glise de Lezay qui avait tr\u00e8s chaleureusement accueilli le Synode National en 2018.<\/em><\/strong><\/p>\n<p>Lanc\u00e9 en 2017, le tr\u00e8s \u0153cum\u00e9nique label Eglise verte rassemble les \u00c9glises catholiques, orthodoxes et protestantes autour de l\u2019\u00e9pineux probl\u00e8me de l\u2019\u00e9cologie (1). A ce jour, quelque 160 communaut\u00e9s sont labellis\u00e9es, dont environ 30% d\u2019\u00e9glises protestantes. Parmi celles-ci, l\u2019\u00c9glise Protestante Unie de Lezay qui peut s\u2019enorgueillir d\u2019avoir d\u00e9j\u00e0 atteint le niveau <em>\u00ab Figuier \u00bb<\/em>, soit l\u2019avant derni\u00e8re \u00e9tape du parcours qui requiert 50 \u00e0 75% de r\u00e9ponses ad\u00e9quates. De fait, cela fait maintenant un an que cette \u00c9glise, bient\u00f4t r\u00e9unie avec les paroisses de La Mothe-Saint-H\u00e9ray (Deux-S\u00e8vres) et de Lusignan (Vienne) pour devenir l\u2019Ensemble du Poitou Rural Protestant, s\u2019est lanc\u00e9e dans la conqu\u00eate du label \u00c9glise verte (2). Comment s\u2019y prendre ? <em>\u00ab La d\u00e9marche doit \u00eatre men\u00e9e progressivement \u00e9tape par \u00e9tape en commen\u00e7ant tout d\u2019abord par constituer une \u00e9quipe pour mener \u00e0 bien le projet \u00bb<\/em>, r\u00e9pond Francine Villeneuve, pr\u00e9sidente du conseil presbyt\u00e9ral de la paroisse de Lezay. Puis il faut inscrire la paroisse en r\u00e9pondant \u00e0 l\u2019\u00e9co-diagnostic (sur le site), et en s\u2019engageant sur un minimum de deux ou trois aspects. Ces premi\u00e8res \u00e9tapes permettent d\u2019atteindre rapidement les deux premiers niveaux, \u00e0 savoir <em>\u00ab Graine de S\u00e9nev\u00e9 \u00bb<\/em> et <em>\u00ab Lis des champs. \u00bb<\/em><\/p>\n<p>C\u2019est dans cette perspective que les quelque 300 foyers de la paroisse de Lezay ont d\u00e9cid\u00e9 d\u2019accentuer le temps de pri\u00e8re communautaire ax\u00e9 sur le respect de la cr\u00e9ation pendant les cultes. De prendre part \u00e0 des \u00e9v\u00e9nements chr\u00e9tiens consacr\u00e9s au d\u00e9veloppement durable. Enfin, d\u2019encourager les membres de l\u2019\u00c9glise, via notamment le journal paroissial, \u00e0 promouvoir la consommation locale, biologique et le commerce \u00e9quitable. <em>\u00ab Le niveau du Figuier n\u2019est pas si difficile \u00e0 atteindre,<\/em> minimise avec modestie Bertrand Marchand, pasteur de l\u2019Ensemble du Poitou Rural Protestant depuis 2015. <em>Cela fait maintenant plus de cinq ans que nous \u00e9voquons le respect de la cr\u00e9ation, de la nature, dans la cat\u00e9ch\u00e8se et lors des cultes. Par ailleurs, les repas paroissiaux proviennent quasi int\u00e9gralement des jardins locaux. Pour les b\u00e2timents, nous avons fait isoler le presbyt\u00e8re et nous n\u2019utilisons plus de pesticides. Mais nous avons encore beaucoup \u00e0 faire. \u00bb<\/em><\/p>\n<p><strong><img decoding=\"async\" loading=\"lazy\" class=\"alignleft size-medium wp-image-272\" src=\"https:\/\/blog.regardsprotestants.com\/regardssurlesparoisses\/wp-content\/uploads\/2019\/07\/IMG_5977-e1555515773462-300x200.jpg\" alt=\"\" width=\"300\" height=\"200\" srcset=\"https:\/\/blog.regardsprotestants.com\/regardssurlesparoisses\/wp-content\/uploads\/2019\/07\/IMG_5977-e1555515773462-300x200.jpg 300w, https:\/\/blog.regardsprotestants.com\/regardssurlesparoisses\/wp-content\/uploads\/2019\/07\/IMG_5977-e1555515773462.jpg 550w\" sizes=\"(max-width: 300px) 100vw, 300px\" \/>Am\u00e9nagement du territoire<\/strong><\/p>\n<p>La cr\u00e9ation de l\u2019Ensemble du Poitou Rural Protestant, qui r\u00e9unira quelque 600 foyers, devrait permettre d\u2019avancer encore dans cette d\u00e9marche \u00e9cologique, d\u2019autant que la r\u00e9gion pratique depuis longtemps l\u2019agriculture raisonn\u00e9e. Le 24 mars dernier, les assembl\u00e9es g\u00e9n\u00e9rales des paroisses de Lezay, de La Mothe-Saint-H\u00e9ray et de Lusignan se sont d\u00e9roul\u00e9es dans un m\u00eame temps et dans un lieu unique. <em>\u00ab Les votes \u00e9taient, cependant, dissoci\u00e9s<\/em>, pr\u00e9cise Bertrand Marchand. <em>Mais en 2020, les trois assembl\u00e9es g\u00e9n\u00e9rales seront suivies d\u2019une seule assembl\u00e9e constituante ent\u00e9rinant le regroupement des associations cultuelles. \u00bb<\/em> Le fonctionnement est, du reste, d\u2019ores et d\u00e9j\u00e0 commun pour un certain nombre d\u2019activit\u00e9s. A commencer par les cultes. Un ou deux cultes sont organis\u00e9s chaque week-end en fonction d\u2019une rotation autour des treize temples, m\u00eame si le Poitou Rural Protestant compte des lieux de cultes principaux, dont Lezay, Saint-Sauvant et Exoudun. Les autres temples \u00e9tant utilis\u00e9s plus ponctuellement en fonction de la saison. Par ailleurs, la cat\u00e9ch\u00e8se, les \u00e9tudes bibliques, les groupes de maison, les cultes de maison et le covoiturage ont d\u00e9j\u00e0 fusionn\u00e9. L\u2019Ensemble compte, en principe, deux postes pastoraux. Le deuxi\u00e8me poste \u00e9tant vacant, Bertrand Marchand est \u00e9paul\u00e9 par Madame Christiane Hervaud, charg\u00e9e de mission r\u00e9gionale r\u00e9mun\u00e9r\u00e9e. Christiane Hervaud est associ\u00e9e \u00e0 toutes les activit\u00e9s de l\u2019\u00e9glise, des cultes aux actes pastoraux, de l\u2019animation biblique aux visites de personnes. Un premier poste de ce type en France pour rem\u00e9dier \u00e0 la vacance pastorale. Pour l\u2019heure, une exp\u00e9rience unique, men\u00e9e par l\u2019Eglise Protestante Unie de France en r\u00e9gion Ouest, qui sera peut-\u00eatre \u00e9tendue \u00e0 d\u2019autres r\u00e9gions dans les ann\u00e9es qui viennent.<\/p>\n<p>&#8211; Renseignements sur <a href=\"http:\/\/www.egliseverte.org\/\" target=\"_blank\" rel=\"noopener\">egliseverte.org<\/a>. Le label \u00c9glise verte est un outil \u00e0 destination, entre autres, des paroisses chr\u00e9tiennes qui veulent s&#8217;engager pour le soin de la cr\u00e9ation. Les niveaux sont les suivants : Graine de S\u00e9nev\u00e9 ; Lis des champs ; Cep de vigne ; Figuier et C\u00e8dre du Liban.<\/p>\n<p>&#8211; Ensemble du Poitou Rural Protestant\/EPUdF de Lezay : 18, rue du Temple \u2013 79120 Lezay. 05 49 29 40 46<\/p>\n<p><iframe loading=\"lazy\" style=\"border: 0;\" src=\"https:\/\/www.google.com\/maps\/embed?pb=!1m18!1m12!1m3!1d205.01487454341438!2d-0.010160141667121777!3d46.26333968214417!2m3!1f0!2f0!3f0!3m2!1i1024!2i768!4f13.1!3m3!1m2!1s0x4807559276d04da1%3A0x7ced8cdfeb2d0a43!2sAss+Cult+Eglise+Reform+Evang+Lezay!5e0!3m2!1sfr!2sfr!4v1555515949113!5m2!1sfr!2sfr\" width=\"600\" height=\"450\" frameborder=\"0\" allowfullscreen=\"allowfullscreen\"><\/iframe><\/p>\n","protected":false},"excerpt":{"rendered":"<p>Engag\u00e9e, depuis le printemps 2018, dans la d\u00e9marche \u00c9glise verte et solidaire, l\u2019\u00c9glise protestante unie de Lezay, situ\u00e9e dans les Deux-S\u00e8vres, figure parmi les toutes premi\u00e8res \u00e0 avoir relev\u00e9 le d\u00e9fi.<\/p>\n","protected":false},"author":2,"featured_media":271,"comment_status":"open","ping_status":"open","sticky":false,"template":"","format":"standard","meta":[],"categories":[1],"tags":[],"_links":{"self":[{"href":"https:\/\/blog.regardsprotestants.com\/regardssurlesparoisses\/wp-json\/wp\/v2\/posts\/270"}],"collection":[{"href":"https:\/\/blog.regardsprotestants.com\/regardssurlesparoisses\/wp-json\/wp\/v2\/posts"}],"about":[{"href":"https:\/\/blog.regardsprotestants.com\/regardssurlesparoisses\/wp-json\/wp\/v2\/types\/post"}],"author":[{"embeddable":true,"href":"https:\/\/blog.regardsprotestants.com\/regardssurlesparoisses\/wp-json\/wp\/v2\/users\/2"}],"replies":[{"embeddable":true,"href":"https:\/\/blog.regardsprotestants.com\/regardssurlesparoisses\/wp-json\/wp\/v2\/comments?post=270"}],"version-history":[{"count":1,"href":"https:\/\/blog.regardsprotestants.com\/regardssurlesparoisses\/wp-json\/wp\/v2\/posts\/270\/revisions"}],"predecessor-version":[{"id":273,"href":"https:\/\/blog.regardsprotestants.com\/regardssurlesparoisses\/wp-json\/wp\/v2\/posts\/270\/revisions\/273"}],"wp:featuredmedia":[{"embeddable":true,"href":"https:\/\/blog.regardsprotestants.com\/regardssurlesparoisses\/wp-json\/wp\/v2\/media\/271"}],"wp:attachment":[{"href":"https:\/\/blog.regardsprotestants.com\/regardssurlesparoisses\/wp-json\/wp\/v2\/media?parent=270"}],"wp:term":[{"taxonomy":"category","embeddable":true,"href":"https:\/\/blog.regardsprotestants.com\/regardssurlesparoisses\/wp-json\/wp\/v2\/categories?post=270"},{"taxonomy":"post_tag","embeddable":true,"href":"https:\/\/blog.regardsprotestants.com\/regardssurlesparoisses\/wp-json\/wp\/v2\/tags?post=270"}],"curies":[{"name":"wp","href":"https:\/\/api.w.org\/{rel}","templated":true}]}}