{"id":259,"date":"2019-06-10T11:38:32","date_gmt":"2019-06-10T09:38:32","guid":{"rendered":"https:\/\/blog.regardsprotestants.com\/regardssurlesparoisses\/?p=259"},"modified":"2019-07-04T11:32:03","modified_gmt":"2019-07-04T09:32:03","slug":"bible-en-montagne","status":"publish","type":"post","link":"https:\/\/blog.regardsprotestants.com\/regardssurlesparoisses\/2019\/06\/10\/bible-en-montagne\/","title":{"rendered":"Bible en Montagne"},"content":{"rendered":"<p>Du 7 au 12 juillet 2019, \u00e0 Vars dans les Hautes-Alpes, le rassemblement \u0153cum\u00e9nique Bible en Montagne se consacrera \u00e0 la musique dans une alternance d\u2019\u00e9tude biblique et de promenades.<!--more--><\/p>\n<p>&nbsp;<\/p>\n<p><img decoding=\"async\" loading=\"lazy\" class=\"alignleft wp-image-262\" src=\"https:\/\/blog.regardsprotestants.com\/regardssurlesparoisses\/wp-content\/uploads\/2019\/06\/DSCN8641-e1559727336420-300x200.jpeg\" alt=\"\" width=\"248\" height=\"165\" srcset=\"https:\/\/blog.regardsprotestants.com\/regardssurlesparoisses\/wp-content\/uploads\/2019\/06\/DSCN8641-e1559727336420-300x200.jpeg 300w, https:\/\/blog.regardsprotestants.com\/regardssurlesparoisses\/wp-content\/uploads\/2019\/06\/DSCN8641-e1559727336420-768x512.jpeg 768w, https:\/\/blog.regardsprotestants.com\/regardssurlesparoisses\/wp-content\/uploads\/2019\/06\/DSCN8641-e1559727336420-1024x682.jpeg 1024w, https:\/\/blog.regardsprotestants.com\/regardssurlesparoisses\/wp-content\/uploads\/2019\/06\/DSCN8641-e1559727336420.jpeg 1219w\" sizes=\"(max-width: 248px) 100vw, 248px\" \/>C\u2019est \u00e0 Vars, dans les Hautes-Alpes, que se d\u00e9roule depuis 2012, entre for\u00eats de m\u00e9l\u00e8zes et vastes alpages, le tr\u00e8s \u0153cum\u00e9nique Bible en Montagne. A l\u2019origine, deux paroisses, l\u2019\u00e9glise catholique de Guillestre install\u00e9e dans la vall\u00e9e de la Durance, et l\u2019\u00e9glise protestante unie de Freissini\u00e8res-Brian\u00e7on-Queyras qui se sont rapproch\u00e9es pour mener \u00e0 bien cette aventure biblique estivale au c\u0153ur des Alpes. Un rassemblement qui aura lieu, comme de coutume, au Centre \u0153cum\u00e9nique de Vars. Cette ann\u00e9e, c\u2019est le th\u00e8me de la musique dans la Bible qui sera \u00e9voqu\u00e9, apr\u00e8s les fr\u00e8res ennemis, les femmes ou bien encore l\u2019humour. Sous la direction de C\u00e9cile Pla\u00e2, pasteure de l\u2019\u00e9glise protestante unie de Cavaillon-Lub\u00e9ron et de Isabelle Carlier, bibliste au Centre th\u00e9ologique de Meylan. Cinq journ\u00e9es durant lesquelles les participants alterneront entre randonn\u00e9es, aux portes du parc naturel du Queyras, et conf\u00e9rences et ateliers. \u00ab Il est encore temps de s\u2019inscrire \u00bb, rappelle Claude Ribard, l\u2019un des organisateurs de l\u2019\u00e9v\u00e8nement.<\/p>\n<p>Marie Piat<\/p>\n<p>Inscriptions :<br \/>\nOdile : 06 09 17 51 02 &#8211; <a href=\"mailto:davidod@orange.fr\" target=\"_blank\" rel=\"noopener\">davidod@orange.fr<\/a><br \/>\nClaude : 06 07 58 58 82 &#8211; <a href=\"mailto:claude.ribard@orange.fr\" target=\"_blank\" rel=\"noopener\">claude.ribard@orange.fr<\/a><\/p>\n","protected":false},"excerpt":{"rendered":"<p>Du 7 au 12 juillet 2019, \u00e0 Vars dans les Hautes-Alpes, le rassemblement \u0153cum\u00e9nique Bible en Montagne se consacrera \u00e0 la musique dans une alternance d\u2019\u00e9tude biblique et de promenades.<\/p>\n","protected":false},"author":2,"featured_media":261,"comment_status":"open","ping_status":"open","sticky":false,"template":"","format":"standard","meta":[],"categories":[1],"tags":[],"_links":{"self":[{"href":"https:\/\/blog.regardsprotestants.com\/regardssurlesparoisses\/wp-json\/wp\/v2\/posts\/259"}],"collection":[{"href":"https:\/\/blog.regardsprotestants.com\/regardssurlesparoisses\/wp-json\/wp\/v2\/posts"}],"about":[{"href":"https:\/\/blog.regardsprotestants.com\/regardssurlesparoisses\/wp-json\/wp\/v2\/types\/post"}],"author":[{"embeddable":true,"href":"https:\/\/blog.regardsprotestants.com\/regardssurlesparoisses\/wp-json\/wp\/v2\/users\/2"}],"replies":[{"embeddable":true,"href":"https:\/\/blog.regardsprotestants.com\/regardssurlesparoisses\/wp-json\/wp\/v2\/comments?post=259"}],"version-history":[{"count":7,"href":"https:\/\/blog.regardsprotestants.com\/regardssurlesparoisses\/wp-json\/wp\/v2\/posts\/259\/revisions"}],"predecessor-version":[{"id":269,"href":"https:\/\/blog.regardsprotestants.com\/regardssurlesparoisses\/wp-json\/wp\/v2\/posts\/259\/revisions\/269"}],"wp:featuredmedia":[{"embeddable":true,"href":"https:\/\/blog.regardsprotestants.com\/regardssurlesparoisses\/wp-json\/wp\/v2\/media\/261"}],"wp:attachment":[{"href":"https:\/\/blog.regardsprotestants.com\/regardssurlesparoisses\/wp-json\/wp\/v2\/media?parent=259"}],"wp:term":[{"taxonomy":"category","embeddable":true,"href":"https:\/\/blog.regardsprotestants.com\/regardssurlesparoisses\/wp-json\/wp\/v2\/categories?post=259"},{"taxonomy":"post_tag","embeddable":true,"href":"https:\/\/blog.regardsprotestants.com\/regardssurlesparoisses\/wp-json\/wp\/v2\/tags?post=259"}],"curies":[{"name":"wp","href":"https:\/\/api.w.org\/{rel}","templated":true}]}}