{"id":249,"date":"2019-02-28T11:31:11","date_gmt":"2019-02-28T10:31:11","guid":{"rendered":"http:\/\/blog.regardsprotestants.com\/regardssurlesparoisses\/?p=249"},"modified":"2019-07-04T11:31:30","modified_gmt":"2019-07-04T09:31:30","slug":"eglise-de-la-porte-ouverte-chretienne-de-mulhouse-de-lobeissance-a-la-destinee","status":"publish","type":"post","link":"https:\/\/blog.regardsprotestants.com\/regardssurlesparoisses\/2019\/02\/28\/eglise-de-la-porte-ouverte-chretienne-de-mulhouse-de-lobeissance-a-la-destinee\/","title":{"rendered":"Eglise de la Porte Ouverte Chr\u00e9tienne de Mulhouse : \u00ab De l\u2019ob\u00e9issance \u00e0 la destin\u00e9e \u00bb"},"content":{"rendered":"<p><strong>C\u2019est en 2016, que l\u2019\u00c9glise de la Porte Ouverte Chr\u00e9tienne de Mulhouse en Alsace a f\u00eat\u00e9 son jubil\u00e9. En quelque 50 ans, cette paroisse \u00e9vang\u00e9lique charismatique a su se d\u00e9ployer, soucieuse de son prochain en sachant que <em>\u00ab\u00a0Dieu demeure fid\u00e8le et qu\u2019il ne nous abandonne jamais.\u00a0\u00bb<\/em><\/strong><br \/>\n<!--more--><br \/>\nUne gu\u00e9rison miraculeuse en 1966 et un terrible accident en 1970 sont \u00e0 l\u2019origine de la naissance de l\u2019\u00c9glise de la Porte Ouverte Chr\u00e9tienne de Mulhouse en Alsace (1). Une \u00e9glise \u00e9vang\u00e9lique charismatique cr\u00e9\u00e9e par Suzanne et Jean Peterschmitt, grossistes confiseurs d\u2019origine mennonite. A la suite de graves probl\u00e8mes de sant\u00e9, ce couple alsacien d\u00e9cide, en effet de donner plus de sens \u00e0 leur vie en accueillant tous ceux qui ont soif d\u2019\u00c9vangile. <em>\u00ab\u00a0La Porte Ouverte a \u00e9t\u00e9 suscit\u00e9e par Dieu, soutenue par lui et subsiste en lui\u00a0\u00bb<\/em>, peut-on lire sur le site internet de l\u2019\u00e9glise. C\u2019est ainsi que Jean Peterschmitt, 91 ans aujourd\u2019hui, devenu pasteur d\u00e8s les ann\u00e9es 70, transforme une communaut\u00e9 de quatre petites assembl\u00e9es r\u00e9gionales en une paroisse de 600 membres inscrits actuellement, dont une centaine d\u2019Allemands et de Suisses. Des paroissiens accueillis dans un vaste b\u00e2timent implant\u00e9 \u00e0 Mulhouse, qui aura grandi au fil des ans, les derniers travaux datant de 2015, et pouvant r\u00e9unir jusqu\u2019\u00e0 2\u00a0500 personnes.<\/p>\n<p><strong><img decoding=\"async\" loading=\"lazy\" class=\"alignleft size-medium wp-image-251\" src=\"https:\/\/blog.regardsprotestants.com\/regardssurlesparoisses\/wp-content\/uploads\/2019\/02\/IMG_0965-web-300x200.jpg\" alt=\"Culte Mulhouse Porte Ouverte\" width=\"300\" height=\"200\" srcset=\"https:\/\/blog.regardsprotestants.com\/regardssurlesparoisses\/wp-content\/uploads\/2019\/02\/IMG_0965-web-300x200.jpg 300w, https:\/\/blog.regardsprotestants.com\/regardssurlesparoisses\/wp-content\/uploads\/2019\/02\/IMG_0965-web.jpg 550w\" sizes=\"(max-width: 300px) 100vw, 300px\" \/>Paroisse 2.0<\/strong><\/p>\n<p>L\u2019Eglise de la Porte Ouverte Chr\u00e9tienne, qui adh\u00e8re au CNEF et \u00e0 la FEPEF, compte aux c\u00f4t\u00e9s de Jean Peterschmitt, quelque huit pasteurs \u00e0 plein temps pour rayonner dans un cercle d\u2019une cinquantaine de km \u00e0 la ronde autour de Mulhouse, et animer les nombreuses missions de l\u2019\u00c9glise (2,3). Ainsi, 140 groupes de maison, r\u00e9unissant une douzaine de personnes, se retrouvent deux fois par mois. Deux cultes par semaine, le dimanche \u00e0 9h30 et le mardi \u00e0 19h30. Des cultes retransmis sur le site de la paroisse depuis 2007 en fran\u00e7ais, en anglais, en allemand et dans la langue des signes. <em>\u00ab\u00a0Chaque dimanche, ce sont en moyenne 6\u00a0000 connexions mais nous pouvons aller jusqu\u2019\u00e0 9\u00a0000\u00a0\u00bb<\/em>, observe Nathalie Schnoebelen, responsable de la communication au sein de la paroisse. Face Book, You Tube et une application pour t\u00e9l\u00e9phone sont aussi de la partie. Du c\u00f4t\u00e9 de la nouvelle g\u00e9n\u00e9ration (un site lui est d\u00e9di\u00e9, vid\u00e9o \u00e0 l\u2019appui), la paroisse compte environ 500 enfants inscrits au cat\u00e9chisme, une centaine d\u2019adolescents et quelque 150 jeunes \u00e2g\u00e9s de plus de 15 ans. Soit 150 moniteurs form\u00e9s b\u00e9n\u00e9voles pour tout ce petit monde. <em>\u00ab Pendant le culte, apr\u00e8s la louange, les enfants sont r\u00e9partis par \u00e2ge dans d\u2019autres salles\u00a0\u00bb<\/em>, poursuit Nathalie Schnoebelen.\u00a0A noter que les enfants ne sont pas baptis\u00e9s mais pr\u00e9sent\u00e9s, tel J\u00e9sus au Temple. Pour les adultes, la nouvelle naissance est pr\u00each\u00e9e avec un bapt\u00eame par immersion.<\/p>\n<p>En ce qui concerne la diaconie, la paroisse s\u2019occupe, entre autres, des quartiers sensibles de Mulhouse. Une mission, men\u00e9e depuis 10 ans par le pasteur Bertrand Huetz, sous l\u2019\u00e9gide de la Mairie dans cinq secteurs de la ville. Les enfants, de 20 \u00e0 50 suivant les jours, sont ainsi occup\u00e9s par diverses activit\u00e9s tous les mercredis et samedis apr\u00e8s-midi. Des quartiers musulmans pour la plupart\u00a0: <em>\u00ab\u00a0Certaines familles sont r\u00e9fractaires mais une grande majorit\u00e9 d\u2019entre elles envoient leurs enfants, du reste les m\u00e8res restent souvent. Cela contribue \u00e0 la paix\u00a0\u00bb<\/em>, se r\u00e9jouit Nathalie Schnoebelen. Bertrand Huetz forme d\u2019autres \u00e9glises \u00e0 ce type d\u2019actions. Notamment aupr\u00e8s des 24 \u00e9glises partenaires de la Porte Ouverte Chr\u00e9tienne, la paroisse restant fid\u00e8le \u00e0 <em>\u00ab\u00a0sa vision de l\u2019Eglise\u00a0: une \u00e9glise de ressources pour d\u2019autres \u00e9glises.\u00a0\u00bb<\/em> C\u2019est, du reste, dans cet esprit que la communaut\u00e9 a ouvert, en 1996, un champ missionnaire au S\u00e9n\u00e9gal. <em>\u00ab\u00a0J\u2019ai mis devant toi une porte ouverte que nul ne peut fermer\u00a0\u00bb<\/em>, d\u00e9clare l\u2019Apocalypse (3.8), en l\u2019occurrence le fil conducteur de la Porte Ouverte Chr\u00e9tienne de Mulhouse.<\/p>\n<p>Marie Piat<\/p>\n<ul>\n<li>Eglise de la Porte Ouverte Chr\u00e9tienne de Mulhouse. 62, rue de Kingersheim \u2013 68200 Mulhouse. 03 89 50 44 22\/ <a href=\"https:\/\/porte-ouverte.com\/\" target=\"_blank\" rel=\"noopener\">porte-ouverte.com<\/a> \/ facebook.com\/porteouvertemulhouse \/<\/li>\n<li>CNEF\u00a0: Conseil National des \u00c9vang\u00e9liques de France. FEPEF\u00a0: F\u00e9d\u00e9ration des \u00e9glises du plein \u00c9vangile en francophonie.<\/li>\n<li>Noms des pasteurs\u00a0:<\/li>\n<\/ul>\n<p>Jean\u00a0Peterschmitt, fondateur et pasteur \u00e0 la retraite, Samuel\u00a0Peterschmitt, pasteur principal de l&#8217;\u00e9glise, Claude\u00a0Greder\u00a0\u00e9galement\u00a0pr\u00e9sident de l&#8217;association qui g\u00e8re l&#8217;\u00e9cole Oberlin et pr\u00e9sident de PHAREFM, Christian\u00a0Gagnieux, responsable de la mission, Jean-Marie\u00a0Ribay\u00a0(par ailleurs pr\u00e9sident\u00a0de l&#8217;institut biblique JSP), Bertrand\u00a0Huetz,\u00a0Thi\u00e9bault\u00a0Geyer ( pasteur responsable de la jeunesse), J\u00e9r\u00e9mie Jung ( pasteur responsable des enfants), et Benjamin\u00a0Peterschmitt\u00a0(responsable d&#8217;Impact Jeunesse\u00a0des\u00a015-23 ans).<\/p>\n<p><iframe loading=\"lazy\" style=\"border: 0;\" src=\"https:\/\/www.google.com\/maps\/embed?pb=!1m18!1m12!1m3!1d2681.556422907911!2d7.324990215636189!3d47.77065767919597!2m3!1f0!2f0!3f0!3m2!1i1024!2i768!4f13.1!3m3!1m2!1s0x47919c9efc67e3b1%3A0x6e6cf86d722cd978!2s%C3%89glise+Porte+Ouverte+Chr%C3%A9tienne!5e0!3m2!1sfr!2sfr!4v1550225125383\" width=\"600\" height=\"450\" frameborder=\"0\" allowfullscreen=\"allowfullscreen\"><\/iframe><\/p>\n","protected":false},"excerpt":{"rendered":"<p>C\u2019est en 2016, que l\u2019\u00c9glise de la Porte Ouverte Chr\u00e9tienne de Mulhouse en Alsace a f\u00eat\u00e9 son jubil\u00e9. En quelque 50 ans, cette paroisse \u00e9vang\u00e9lique charismatique a su se d\u00e9ployer, soucieuse de son prochain en sachant que \u00ab\u00a0Dieu demeure fid\u00e8le et qu\u2019il ne nous abandonne jamais.\u00a0\u00bb<\/p>\n","protected":false},"author":2,"featured_media":252,"comment_status":"open","ping_status":"open","sticky":false,"template":"","format":"standard","meta":[],"categories":[1],"tags":[],"_links":{"self":[{"href":"https:\/\/blog.regardsprotestants.com\/regardssurlesparoisses\/wp-json\/wp\/v2\/posts\/249"}],"collection":[{"href":"https:\/\/blog.regardsprotestants.com\/regardssurlesparoisses\/wp-json\/wp\/v2\/posts"}],"about":[{"href":"https:\/\/blog.regardsprotestants.com\/regardssurlesparoisses\/wp-json\/wp\/v2\/types\/post"}],"author":[{"embeddable":true,"href":"https:\/\/blog.regardsprotestants.com\/regardssurlesparoisses\/wp-json\/wp\/v2\/users\/2"}],"replies":[{"embeddable":true,"href":"https:\/\/blog.regardsprotestants.com\/regardssurlesparoisses\/wp-json\/wp\/v2\/comments?post=249"}],"version-history":[{"count":3,"href":"https:\/\/blog.regardsprotestants.com\/regardssurlesparoisses\/wp-json\/wp\/v2\/posts\/249\/revisions"}],"predecessor-version":[{"id":254,"href":"https:\/\/blog.regardsprotestants.com\/regardssurlesparoisses\/wp-json\/wp\/v2\/posts\/249\/revisions\/254"}],"wp:featuredmedia":[{"embeddable":true,"href":"https:\/\/blog.regardsprotestants.com\/regardssurlesparoisses\/wp-json\/wp\/v2\/media\/252"}],"wp:attachment":[{"href":"https:\/\/blog.regardsprotestants.com\/regardssurlesparoisses\/wp-json\/wp\/v2\/media?parent=249"}],"wp:term":[{"taxonomy":"category","embeddable":true,"href":"https:\/\/blog.regardsprotestants.com\/regardssurlesparoisses\/wp-json\/wp\/v2\/categories?post=249"},{"taxonomy":"post_tag","embeddable":true,"href":"https:\/\/blog.regardsprotestants.com\/regardssurlesparoisses\/wp-json\/wp\/v2\/tags?post=249"}],"curies":[{"name":"wp","href":"https:\/\/api.w.org\/{rel}","templated":true}]}}