{"id":235,"date":"2019-01-08T11:31:22","date_gmt":"2019-01-08T10:31:22","guid":{"rendered":"http:\/\/blog.regardsprotestants.com\/regardssurlesparoisses\/?p=235"},"modified":"2019-01-08T11:32:32","modified_gmt":"2019-01-08T10:32:32","slug":"eglise-protestante-unie-du-havre-etretat-montivilliers-un-lien-historique","status":"publish","type":"post","link":"https:\/\/blog.regardsprotestants.com\/regardssurlesparoisses\/2019\/01\/08\/eglise-protestante-unie-du-havre-etretat-montivilliers-un-lien-historique\/","title":{"rendered":"Eglise protestante unie du Havre-Etretat-Montivilliers : un lien historique"},"content":{"rendered":"<p><strong>Au Havre, en Seine-Maritime, sur la rive droite de l\u2019estuaire de la Seine, \u00e0 quelques encablures de la Manche, le protestantisme remonte aux origines de l\u2019histoire protestante. C\u2019est sur ces bases solides que l\u2019Eglise protestante unie du Havre, d\u2019Etretat et de Montivilliers s\u2019\u00e9panouit.<\/strong><!--more--><\/p>\n<p><em>\u00ab\u00a0La Normandie accueille la R\u00e9forme tr\u00e8s t\u00f4t, avec beaucoup de ferveur. On compte notamment de forts contingents protestants au Havre d\u00e8s le 16<sup>\u00e8me<\/sup> si\u00e8cle\u00a0\u00bb<\/em>, peut-on lire sur les pages du Mus\u00e9e Protestant (museeprotestant.org). De fait, les th\u00e8ses de Luther seront connues dans la r\u00e9gion peu apr\u00e8s 1530. Et le courant calviniste y fera de nombreux adeptes. Le port du Havre, qui a f\u00eat\u00e9 ses 500 ans en \u2026 2017, fut m\u00eame un enjeu dans les guerres de religion fran\u00e7aises au 16<sup>\u00e8me<\/sup> si\u00e8cle. Par la suite, en d\u00e9pit des vicissitudes de l\u2019histoire protestante fran\u00e7aise, la pr\u00e9sence protestante a perdur\u00e9 dans ce port, notamment apr\u00e8s l\u2019\u00e9dit de tol\u00e9rance (1787), lorsque les communaut\u00e9s protestantes ont commen\u00e7\u00e9 \u00e0 se r\u00e9organiser. Au 19<sup>\u00e8me<\/sup> si\u00e8cle, la construction navale, l\u2019arriv\u00e9e du chemin de fer, le n\u00e9goce des denr\u00e9es tropicales (caf\u00e9, coton, chocolat \u2026), le d\u00e9but des voyages transatlantiques et le d\u00e9veloppement du tourisme baln\u00e9aire, font faire du Havre l\u2019un des plus grands ports fran\u00e7ais. Un dynamisme qui explique l\u2019arriv\u00e9e de nombreux protestants venus d\u2019Europe du Nord, ou d\u2019Alsace apr\u00e8s la guerre de 1870. Le temple actuel de l\u2019Eglise protestante unie du Havre fut construit en 1862, rue Anatole France en plein c\u0153ur du centre- ville (1). Bombard\u00e9 en 1941, ce temple perdit son fronton, son clocher et sa toiture mais fut reconstruit en 1953 dans un style sobre, comme il sied souvent \u00e0 l\u2019architecture protestante (2). L&#8217;orgue Gutschenritter remplace l&#8217;ancien orgue <a href=\"https:\/\/fr.wikipedia.org\/wiki\/Joseph_Merklin\">Merklin<\/a>, construit en 1883, d\u00e9truit lors des bombardements.<\/p>\n<p><strong><img decoding=\"async\" loading=\"lazy\" class=\"alignleft size-medium wp-image-242\" src=\"https:\/\/blog.regardsprotestants.com\/regardssurlesparoisses\/wp-content\/uploads\/2019\/01\/Le-Havre-Int4-web-300x169.jpg\" alt=\"Temple du Havre, int\u00e9rieur\" width=\"300\" height=\"169\" srcset=\"https:\/\/blog.regardsprotestants.com\/regardssurlesparoisses\/wp-content\/uploads\/2019\/01\/Le-Havre-Int4-web-300x169.jpg 300w, https:\/\/blog.regardsprotestants.com\/regardssurlesparoisses\/wp-content\/uploads\/2019\/01\/Le-Havre-Int4-web.jpg 550w\" sizes=\"(max-width: 300px) 100vw, 300px\" \/>V\u00e9rit\u00e9 et Fondamentalisme<\/strong><\/p>\n<p><em>\u00ab\u00a0Le Havre, Montivilliers et Etretat sont regroup\u00e9s dans un m\u00eame ensemble paroissial,<\/em> explique Emmanuel Rouanet, pasteur, au m\u00eame titre que Marion Heyl, de cette paroisse. <em>Notre Eglise est diverse comprenant des courants lib\u00e9raux, traditionnels, voire pi\u00e9tistes. Au Havre, le protestantisme s\u2019est ainsi d\u00e9velopp\u00e9 dans toutes les couches de la soci\u00e9t\u00e9.\u00a0\u00bb<\/em> A signaler que la ville compte de nombreuses \u00e9glises protestantes, membres ou pas de la F\u00e9d\u00e9ration Protestante de France, parmi lesquelles\u00a0: l\u2019EpudF, l\u2019Arm\u00e9e du Salut, l\u2019Eglise Adventiste, l\u2019Assembl\u00e9e de Dieu, l&#8217;Eglise apostolique (Assembl\u00e9e Chr\u00e9tienne Vie Nouvelle), l&#8217;Eglise la Bonne Nouvelle (Communaut\u00e9s et Assembl\u00e9es \u00c9vang\u00e9liques de France &#8211; CAEF) et d\u2019autres \u00e9glises issues de l\u2019immigration africaine.<\/p>\n<p>Arriv\u00e9s respectivement en 2012 et 2013, nos deux jeunes pasteurs trentenaires, unis devant l\u2019Eternel, occupent l\u00e0 leur premier poste. La paroisse compte environ 700 familles. En ce qui concerne les jeunes, le cat\u00e9chisme se d\u00e9roule en lien avec d\u2019autres paroisses du consistoire de Haute-Normandie, en l\u2019occurrence Lillebonne, Bolbec et F\u00e9camp. Un groupe de jeunes post cat\u00e9chisme, environ une quinzaine, est all\u00e9 \u00e0 Rome l\u2019\u00e9t\u00e9 dernier. En perspective, un voyage au Liban afin que les jeunes puissent aller \u00e0 la rencontre des Chr\u00e9tiens d\u2019Orient et d\u00e9couvrir les diff\u00e9rentes actions men\u00e9es au Liban en faveur des r\u00e9fugi\u00e9s syriens (parrainage, accueil \u2026). Un projet de la r\u00e9gion Nord-Normandie de l\u2019EpudF en lien avec l\u2019association AMEL, ONG libanaise, et l\u2019\u00e9glise protestante de Beyrouth.<\/p>\n<p>Autrement, afin de f\u00e9d\u00e9rer toutes les g\u00e9n\u00e9rations, la paroisse et son conseil presbyt\u00e9ral ont mis en place, il y a environ deux ans, des cultes pour tous, des enfants aux adultes les plus \u00e2g\u00e9s, autour d\u2019une th\u00e9matique annuelle. Apr\u00e8s la fraternit\u00e9 l\u2019an pass\u00e9, l\u2019ann\u00e9e en cours est d\u00e9di\u00e9e \u00e0 la coh\u00e9rence entre paroles et actes. Une belle ambition illustr\u00e9e par quatre cultes qui se d\u00e9roulent au rythme des saisons, en septembre, \u00e0 No\u00ebl, en mars et en juin. <em>\u00ab\u00a0Ces cultes permettent aux uns et aux autres d\u2019apprendre \u00e0 se conna\u00eetre, d\u2019avoir un temps d\u2019\u00e9change autour du texte biblique. La pr\u00e9dication est remplac\u00e9e par une animation biblique pendant laquelle les paroissiens se retrouvent par groupes d\u2019une dizaine de personnes durant 30 \u00e0 40 minutes\u00a0\u00bb<\/em>, raconte Marion Heyl. Autre activit\u00e9 importante, celle de l\u2019Entraide de la paroisse qui permet, entre autres, de distribuer tous les quinze jours 370 colis alimentaires essentiellement \u00e0 des migrants en cours de demande d\u2019asile.<\/p>\n<p>L\u2019EpudF du Havre s\u2019int\u00e8gre par ailleurs dans le groupe interreligieux de la ville. <em>\u00ab\u00a0Ce groupe existe depuis une vingtaine d\u2019ann\u00e9es,<\/em> souligne Marion Heyl. <em>Il regroupe les trois religions monoth\u00e9istes et se r\u00e9unit une fois par mois. Ce sont principalement les musulmans et les chr\u00e9tiens car la communaut\u00e9 juive est peu repr\u00e9sent\u00e9e au Havre.\u00a0\u00bb<\/em> A chaque fois, un pr\u00eatre, un diacre, un pasteur \u00e9vang\u00e9lique, un pasteur de l\u2019EpudF et un Iman se r\u00e9unissent. Echanges et discussions \u00e0 partir des textes bibliques et coraniques autour d\u2019un th\u00e8me, <em>\u00ab\u00a0V\u00e9rit\u00e9 et Fondamentalisme\u00a0\u00bb<\/em> cette ann\u00e9e. <em>\u00ab\u00a0Nous comprenons mieux les convergences tout en acceptant les diff\u00e9rences<\/em>. <em>Nous apprenons \u00e0 mieux nous<\/em><em> conna\u00eetre et \u00e0 \u00e9changer autour de th\u00e9matiques qui nous tiennent \u00e0 c\u0153ur\u00a0\u00bb<\/em>, poursuit Marion Heyl. Du reste, depuis trois ans, les responsables religieux de ces diff\u00e9rentes confessions se r\u00e9unissent r\u00e9guli\u00e8rement pour garder et renforcer le lien entre responsables de communaut\u00e9s religieuses. C\u2019est dans cet esprit qu\u2019un \u00e9v\u00e9nement festif s\u2019est d\u00e9roul\u00e9 en 2017 dans le cadre des 500 ans du Havre. Les diff\u00e9rentes communaut\u00e9s \u00e9taient invit\u00e9es. <em>\u00ab\u00a0Il \u00e9tait important de vivre ces \u00e9v\u00e9nements ensemble. Ce fut une belle occasion de rencontres. C\u2019est pourquoi nous r\u00e9fl\u00e9chissons \u00e0 une nouvelle manifestation de ce genre pour 2019\u00a0\u00bb<\/em>, se f\u00e9licite Marion Heyl.<\/p>\n<p>Marie Piat<\/p>\n<p>(1) Eglise protestante unie de France\u00a0: 47 rue Anatole France \u2013 76600 Le Havre. T\u00e9l\u00a0: 02 35 42 52 26. www.facebook.com\/epulehavreetretatmontivilliers<\/p>\n<p>Le Havre\u00a0: Temple, 47 rue Anatole France. Culte \u00e0 10h30 tous les dimanches<\/p>\n<p>Montivilliers\u00a0(76290) : Temple, rue du Temple. Culte une fois par mois.<\/p>\n<p>Etretat (76790)\u00a0: Temple, 66 rue Guy de Maupassant. Culte en juillet et ao\u00fbt.<\/p>\n<p>(2) Le temple fut reconstruit par les architectes Gaston Delaune, Jacques Lamy et G\u00e9rard Dupasquier travaillant dans le cabinet Auguste Perret.<\/p>\n<p><iframe loading=\"lazy\" style=\"border: 0;\" src=\"https:\/\/www.google.com\/maps\/embed?pb=!1m14!1m8!1m3!1d10365.668078469036!2d0.1135895!3d49.4955184!3m2!1i1024!2i768!4f13.1!3m3!1m2!1s0x0%3A0x640487489f64a3ff!2sEglise+R%C3%A9form%C3%A9e+du+Havre!5e0!3m2!1sfr!2sfr!4v1546941159905\" width=\"600\" height=\"450\" frameborder=\"0\" allowfullscreen=\"allowfullscreen\"><\/iframe><\/p>\n","protected":false},"excerpt":{"rendered":"<p>Au Havre, en Seine-Maritime, sur la rive droite de l\u2019estuaire de la Seine, \u00e0 quelques encablures de la Manche, le protestantisme remonte aux origines de l\u2019histoire protestante. C\u2019est sur ces bases solides que l\u2019Eglise protestante unie du Havre, d\u2019Etretat et de Montivilliers s\u2019\u00e9panouit.<\/p>\n","protected":false},"author":2,"featured_media":241,"comment_status":"open","ping_status":"open","sticky":false,"template":"","format":"standard","meta":[],"categories":[1],"tags":[],"_links":{"self":[{"href":"https:\/\/blog.regardsprotestants.com\/regardssurlesparoisses\/wp-json\/wp\/v2\/posts\/235"}],"collection":[{"href":"https:\/\/blog.regardsprotestants.com\/regardssurlesparoisses\/wp-json\/wp\/v2\/posts"}],"about":[{"href":"https:\/\/blog.regardsprotestants.com\/regardssurlesparoisses\/wp-json\/wp\/v2\/types\/post"}],"author":[{"embeddable":true,"href":"https:\/\/blog.regardsprotestants.com\/regardssurlesparoisses\/wp-json\/wp\/v2\/users\/2"}],"replies":[{"embeddable":true,"href":"https:\/\/blog.regardsprotestants.com\/regardssurlesparoisses\/wp-json\/wp\/v2\/comments?post=235"}],"version-history":[{"count":6,"href":"https:\/\/blog.regardsprotestants.com\/regardssurlesparoisses\/wp-json\/wp\/v2\/posts\/235\/revisions"}],"predecessor-version":[{"id":244,"href":"https:\/\/blog.regardsprotestants.com\/regardssurlesparoisses\/wp-json\/wp\/v2\/posts\/235\/revisions\/244"}],"wp:featuredmedia":[{"embeddable":true,"href":"https:\/\/blog.regardsprotestants.com\/regardssurlesparoisses\/wp-json\/wp\/v2\/media\/241"}],"wp:attachment":[{"href":"https:\/\/blog.regardsprotestants.com\/regardssurlesparoisses\/wp-json\/wp\/v2\/media?parent=235"}],"wp:term":[{"taxonomy":"category","embeddable":true,"href":"https:\/\/blog.regardsprotestants.com\/regardssurlesparoisses\/wp-json\/wp\/v2\/categories?post=235"},{"taxonomy":"post_tag","embeddable":true,"href":"https:\/\/blog.regardsprotestants.com\/regardssurlesparoisses\/wp-json\/wp\/v2\/tags?post=235"}],"curies":[{"name":"wp","href":"https:\/\/api.w.org\/{rel}","templated":true}]}}