{"id":227,"date":"2018-09-14T15:28:52","date_gmt":"2018-09-14T13:28:52","guid":{"rendered":"http:\/\/blog.regardsprotestants.com\/regardssurlesparoisses\/?p=227"},"modified":"2018-10-23T15:32:24","modified_gmt":"2018-10-23T13:32:24","slug":"visite-de-paroisses-protestantes","status":"publish","type":"post","link":"https:\/\/blog.regardsprotestants.com\/regardssurlesparoisses\/2018\/09\/14\/visite-de-paroisses-protestantes\/","title":{"rendered":"Visite de paroisses protestantes"},"content":{"rendered":"<div class=\"chapeau-article\">A l&#8217;occasion des Journ\u00e9es du Patrimoine, d\u00e9couvrez quelques portraits de paroisses protestantes fran\u00e7aises d\u00e9j\u00e0 publi\u00e9s sur le blog.<\/div>\n<p><!--more--><\/p>\n<ul>\n<li><a href=\"https:\/\/blog.regardsprotestants.com\/regardssurlesparoisses\/2016\/09\/29\/paroisse-de-marseille-grignan-le-code-a-change\/\" target=\"_blank\" rel=\"noopener\">La paroise de Marseille-Grignan<\/a><br \/>\nPour s\u2019adapter \u00e0 une assembl\u00e9e de paroissiens totalement renouvel\u00e9e, la paroisse de Marseille-Grignan transforme la vie de l\u2019\u00e9glise et se recentre sur les fondamentaux de l\u2019Evangile.<\/li>\n<li><a href=\"https:\/\/blog.regardsprotestants.com\/regardssurlesparoisses\/2016\/10\/01\/eglise-lutherienne-de-dettwiller-colocation-avant-lheure\/\" target=\"_blank\" rel=\"noopener\">L\u2019Eglise luth\u00e9rienne de Dettwiller<\/a><br \/>\nA Dettwiller, l\u2019\u00e9glise luth\u00e9rienne s\u2019organise autour des sp\u00e9cificit\u00e9s du Simultaneum. Une caract\u00e9ristique alsacienne qui remonte \u00e0 plus de trois si\u00e8cles.<\/li>\n<\/ul>\n<ul>\n<li><a href=\"https:\/\/blog.regardsprotestants.com\/regardssurlesparoisses\/2016\/11\/21\/eglise-protestante-unie-de-royan-la-saintonge-reformee\/\" target=\"_blank\" rel=\"noopener\">L\u2019Eglise protestante unie de Royan<\/a><br \/>\nLa c\u00e9l\u00e8bre station baln\u00e9aire de Charente-Maritime, Royan, abrite une communaut\u00e9 protestante tr\u00e8s ancienne regroupant cinq temples. De Royan \u00e0 Saujon en passant par M\u00e9dis et Saint-Georges-de-Didonne.<\/li>\n<\/ul>\n<ul>\n<li><a href=\"https:\/\/blog.regardsprotestants.com\/regardssurlesparoisses\/2016\/12\/04\/eglise-protestante-unie-daix-en-provence-un-dynamisme-de-bon-aloi\/\" target=\"_blank\" rel=\"noopener\">L\u2019Eglise protestante unie d\u2019Aix-en-Provence<\/a><br \/>\nC\u2019est sous un soleil proven\u00e7al g\u00e9n\u00e9reux que s\u2019\u00e9panouit l\u2019\u00c9glise protestante unie d\u2019Aix-en-Provence. Une paroisse aux activit\u00e9s multiples et vari\u00e9es.<\/li>\n<\/ul>\n<ul>\n<li><a href=\"https:\/\/blog.regardsprotestants.com\/regardssurlesparoisses\/2017\/01\/09\/le-multiculturalisme-de-leglise-protestante-unie-de-besancon\/\" target=\"_blank\" rel=\"noopener\">L\u2019Eglise protestante unie de Besan\u00e7on<\/a><br \/>\nDeux temples pour l\u2019\u00c9glise protestante unie de Besan\u00e7on. L\u2019un au bord du Doubs, dans la Tour historique du Saint-Esprit. L\u2019autre situ\u00e9 \u00e0 Gray, \u00e0 45 km de Besan\u00e7on, dans une petite chapelle construite en 1968 par de jeunes protestants allemands.<\/li>\n<\/ul>\n<ul>\n<li><a href=\"https:\/\/blog.regardsprotestants.com\/regardssurlesparoisses\/2017\/02\/02\/leglise-protestante-unie-de-tarbes-et-le-rapprochement-des-generations\/\" target=\"_blank\" rel=\"noopener\">L\u2019Eglise protestante unie de Tarbes<\/a><br \/>\nL\u2019interg\u00e9n\u00e9rationnel se trouve au c\u0153ur des pr\u00e9occupations de l\u2019Eglise protestante unie en Hautes-Pyr\u00e9n\u00e9es install\u00e9e \u00e0 Tarbes. Via de nombreuses activit\u00e9s mais plus particuli\u00e8rement au travers du th\u00e9\u00e2tre.<\/li>\n<\/ul>\n<ul>\n<li><a href=\"https:\/\/blog.regardsprotestants.com\/regardssurlesparoisses\/2017\/03\/23\/le-vivre-ensemble-de-leglise-protestante-reformee-dangers-cholet\/\" target=\"_blank\" rel=\"noopener\">L\u2019Eglise protestante r\u00e9form\u00e9e d\u2019Angers-Cholet<\/a><br \/>\nLorsqu\u2019une paroisse protestante fusionne art et spiritualit\u00e9, vacances et foi partag\u00e9e, fraternit\u00e9 et int\u00e9gration, elle donne du sens au \u00ab vivre ensemble \u00bb.<\/li>\n<\/ul>\n<ul>\n<li><a href=\"https:\/\/blog.regardsprotestants.com\/regardssurlesparoisses\/2017\/06\/06\/le-diaconat-protestant-de-leglise-protestante-unie-de-grenoble\/\" target=\"_blank\" rel=\"noopener\">Le Diaconat de l\u2019Eglise protestante unie de Grenoble<\/a><br \/>\nA Grenoble, terre protestante, le Diaconat protestant est plus que centenaire. Il a pris ses marques au sein de la ville scientifique et fait partie int\u00e9grante des missions de l\u2019\u00c9glise protestante unie.<\/li>\n<\/ul>\n<ul>\n<li><a href=\"https:\/\/blog.regardsprotestants.com\/regardssurlesparoisses\/2017\/10\/13\/temoigner-ensemble-pour-leglise-protestante-unie-de-lille\/\" target=\"_blank\" rel=\"noopener\">L\u2019\u00c9glise protestante unie de Lille<\/a><br \/>\nA Lille, la tradition protestante remonte \u00e0 la fin du 16\u00e8me si\u00e8cle. Appel\u00e9e autrefois \u00c9glise de la rose dans la tradition calvinienne, l\u2019\u00c9glise protestante unie de Lille confirme aujourd\u2019hui son r\u00f4le de lien social.<\/li>\n<\/ul>\n<ul>\n<li><a href=\"https:\/\/blog.regardsprotestants.com\/regardssurlesparoisses\/2017\/12\/01\/comment-leglise-protestante-unie-dagen-bouge-la-vie-des-uns-et-des-autres\/\" target=\"_blank\" rel=\"noopener\">L\u2019\u00c9glise protestante unie d\u2019Agen<\/a><br \/>\nDe jeunes chr\u00e9tiens protestants qui se mettent b\u00e9n\u00e9volement au service de la ville \u00e0 plein temps pendant une semaine, ce n\u2019est pas si fr\u00e9quent.<\/li>\n<\/ul>\n<ul>\n<li><a href=\"https:\/\/blog.regardsprotestants.com\/regardssurlesparoisses\/2018\/01\/23\/a-remiremont-la-mairie-fait-office-de-temple\/\" target=\"_blank\" rel=\"noopener\">Le temple de l\u2019\u00c9glise protestante unie de Remiremont<\/a><br \/>\nInstall\u00e9 dans une mairie, fait unique en France, le temple de l\u2019\u00c9glise protestante unie de Remiremont vit sa particularit\u00e9 discr\u00e8tement.<\/li>\n<\/ul>\n<ul>\n<li><a href=\"https:\/\/blog.regardsprotestants.com\/regardssurlesparoisses\/2018\/03\/30\/leglise-evangelique-baptiste-de-paimpol\/\" target=\"_blank\" rel=\"noopener\">L\u2019\u00c9glise \u00e9vang\u00e9lique baptiste de Paimpol<\/a><br \/>\nA Paimpol, l\u2019\u00c9glise \u00e9vang\u00e9lique baptiste reste profond\u00e9ment marqu\u00e9e par le monde anglo-saxon. C\u2019est ainsi que ce haut-lieu touristique breton compte plus de pasteurs d\u2019origine britannique que fran\u00e7aise !<\/li>\n<\/ul>\n<ul>\n<li><a href=\"https:\/\/blog.regardsprotestants.com\/regardssurlesparoisses\/2018\/05\/31\/leglise-protestante-unie-clermont-auvergne\/\" target=\"_blank\" rel=\"noopener\">L\u2019\u00c9glise protestante unie Clermont-Auvergne<\/a><br \/>\nDans cette r\u00e9gion tr\u00e8s catholique, l\u2019\u00c9glise protestante unie Clermont-Auvergne est n\u00e9anmoins tr\u00e8s vivante, soucieuse d\u2019accueil et d\u2019\u0153cum\u00e9nisme, et sachant vivre de l\u2019int\u00e9rieur les diff\u00e9rences de sensibilit\u00e9.<\/li>\n<\/ul>\n<ul>\n<li><a href=\"https:\/\/blog.regardsprotestants.com\/regardssurlesparoisses\/2018\/07\/26\/lensemble-des-vallees-cevenoles\/\" target=\"_blank\" rel=\"noopener\">L\u2019Ensemble des Vall\u00e9es c\u00e9venoles<\/a><br \/>\nLa r\u00e9gion C\u00e9vennes-Languedoc-Roussillon s\u2019organise en \u00ab Ensembles \u00bb afin de r\u00e9pondre au mieux \u00e0 l\u2019\u00e9volution de la pratique religieuse. Illustration avec \u00ab l\u2019Ensemble des Vall\u00e9es c\u00e9venoles \u00bb.<\/li>\n<\/ul>\n","protected":false},"excerpt":{"rendered":"<p>A l&#8217;occasion des Journ\u00e9es du Patrimoine, d\u00e9couvrez quelques portraits de paroisses protestantes fran\u00e7aises d\u00e9j\u00e0 publi\u00e9s sur le blog.<\/p>\n","protected":false},"author":2,"featured_media":229,"comment_status":"open","ping_status":"open","sticky":false,"template":"","format":"standard","meta":[],"categories":[1],"tags":[],"_links":{"self":[{"href":"https:\/\/blog.regardsprotestants.com\/regardssurlesparoisses\/wp-json\/wp\/v2\/posts\/227"}],"collection":[{"href":"https:\/\/blog.regardsprotestants.com\/regardssurlesparoisses\/wp-json\/wp\/v2\/posts"}],"about":[{"href":"https:\/\/blog.regardsprotestants.com\/regardssurlesparoisses\/wp-json\/wp\/v2\/types\/post"}],"author":[{"embeddable":true,"href":"https:\/\/blog.regardsprotestants.com\/regardssurlesparoisses\/wp-json\/wp\/v2\/users\/2"}],"replies":[{"embeddable":true,"href":"https:\/\/blog.regardsprotestants.com\/regardssurlesparoisses\/wp-json\/wp\/v2\/comments?post=227"}],"version-history":[{"count":5,"href":"https:\/\/blog.regardsprotestants.com\/regardssurlesparoisses\/wp-json\/wp\/v2\/posts\/227\/revisions"}],"predecessor-version":[{"id":233,"href":"https:\/\/blog.regardsprotestants.com\/regardssurlesparoisses\/wp-json\/wp\/v2\/posts\/227\/revisions\/233"}],"wp:featuredmedia":[{"embeddable":true,"href":"https:\/\/blog.regardsprotestants.com\/regardssurlesparoisses\/wp-json\/wp\/v2\/media\/229"}],"wp:attachment":[{"href":"https:\/\/blog.regardsprotestants.com\/regardssurlesparoisses\/wp-json\/wp\/v2\/media?parent=227"}],"wp:term":[{"taxonomy":"category","embeddable":true,"href":"https:\/\/blog.regardsprotestants.com\/regardssurlesparoisses\/wp-json\/wp\/v2\/categories?post=227"},{"taxonomy":"post_tag","embeddable":true,"href":"https:\/\/blog.regardsprotestants.com\/regardssurlesparoisses\/wp-json\/wp\/v2\/tags?post=227"}],"curies":[{"name":"wp","href":"https:\/\/api.w.org\/{rel}","templated":true}]}}