{"id":220,"date":"2018-10-23T14:58:52","date_gmt":"2018-10-23T12:58:52","guid":{"rendered":"http:\/\/blog.regardsprotestants.com\/regardssurlesparoisses\/?p=220"},"modified":"2019-01-08T11:31:46","modified_gmt":"2019-01-08T10:31:46","slug":"eglise-evangelique-baptiste-dannecy-une-communaute-arc-en-ciel","status":"publish","type":"post","link":"https:\/\/blog.regardsprotestants.com\/regardssurlesparoisses\/2018\/10\/23\/eglise-evangelique-baptiste-dannecy-une-communaute-arc-en-ciel\/","title":{"rendered":"\u00c9glise \u00e9vang\u00e9lique baptiste d\u2019Annecy : une communaut\u00e9 arc-en-ciel"},"content":{"rendered":"<p>Bien install\u00e9e depuis quelque 35 ans dans la ville d\u2019Annecy, l\u2019\u00c9glise \u00e9vang\u00e9lique baptiste, membre de la FPF, se d\u00e9ploie afin de traduire son t\u00e9moignage spirituel en actions concr\u00e8tes. <!--more--><\/p>\n<p><em>\u00ab\u00a0Notre communaut\u00e9 se d\u00e9ploie comme un arc-en-ciel dans cinq directions compl\u00e9mentaires qui repr\u00e9sentent \u00e0 nos yeux, la t\u00e2che que notre Seigneur nous confie tout particuli\u00e8rement. Cinq directions que sont l\u2019adoration, le service et l\u2019entraide, la transmission du message de la bonne nouvelle de J\u00e9sus-Christ, la communion fraternelle et l\u2019\u00e9dification des croyants\u00a0\u00bb<\/em>\u00a0: C\u2019est ainsi que se pr\u00e9sente, sur un site particuli\u00e8rement informatif, l\u2019\u00c9glise \u00e9vang\u00e9lique baptiste d\u2019Annecy fond\u00e9e en 1983 par le pasteur \u00e9vang\u00e9lique Bernard Corvez (1). Situ\u00e9e dans le grand Annecy \u00e0 Cran-Gevrier, cette communaut\u00e9 partage un b\u00e2timent avec l\u2019\u00e9glise adventiste de la ville. <em>\u00ab\u00a0Nous avons mis en place un agenda partag\u00e9 en bonne intelligence d\u2019autant que le culte de l\u2019\u00e9glise adventiste se d\u00e9roule le samedi\u00a0\u00bb<\/em>, souligne Jos\u00e9 Dias, pasteur de l\u2019\u00e9glise baptiste et directeur de l\u2019\u00c9cole pastorale de cette m\u00eame f\u00e9d\u00e9ration. Ce dernier, arriv\u00e9 en septembre dernier apr\u00e8s 25 ann\u00e9es pass\u00e9es \u00e0 Douai dans les Hauts de France, remplace Jo\u00eblle Razanajohary partie pour Metz. <em>\u00ab\u00a0Notre communaut\u00e9 compte pr\u00e8s de 65 membres inscrits, plus une trentaine de sympathisants et, l\u2019\u00e9t\u00e9, des visiteurs suppl\u00e9mentaires du fait de l\u2019affluence touristique estivale\u00a0\u00bb<\/em>, observe Jos\u00e9 Dias. La gent f\u00e9minine est largement repr\u00e9sent\u00e9e, 70% des membres inscrits. Et la rel\u00e8ve est assur\u00e9e par une quinzaine de jeunes de plus de 15 ans et environ quatorze enfants. Pour accompagner cette jeunesse, la paroisse \u00e9voque la <em>\u00ab\u00a0croissance spirituelle et la construction d\u2019identit\u00e9 ancr\u00e9es en Christ.\u00a0\u00bb<\/em> Une jolie fa\u00e7on d\u2019exprimer ce souhait de f\u00e9d\u00e9rer les plus jeunes.<\/p>\n<p><strong><img decoding=\"async\" loading=\"lazy\" class=\"alignleft size-medium wp-image-223\" src=\"https:\/\/blog.regardsprotestants.com\/regardssurlesparoisses\/wp-content\/uploads\/2018\/10\/annecy-interieur-web-225x300.jpg\" alt=\"\" width=\"225\" height=\"300\" srcset=\"https:\/\/blog.regardsprotestants.com\/regardssurlesparoisses\/wp-content\/uploads\/2018\/10\/annecy-interieur-web-225x300.jpg 225w, https:\/\/blog.regardsprotestants.com\/regardssurlesparoisses\/wp-content\/uploads\/2018\/10\/annecy-interieur-web.jpg 400w\" sizes=\"(max-width: 225px) 100vw, 225px\" \/>P\u00f4le Protestant<\/strong><\/p>\n<p>L\u2019Eglise \u00e9vang\u00e9lique baptiste d\u2019Annecy, l\u2019EpuDF et l\u2019Eglise adventiste, sont r\u00e9unies dans un <em>\u00ab\u00a0P\u00f4le Protestant\u00a0\u00bb<\/em> pour permettre des actions communes. <em>\u00ab\u00a0C\u2019est ainsi qu\u2019a \u00e9t\u00e9 mis en place un service d\u2019aum\u00f4nerie aux h\u00f4pitaux il y a un an. L\u2019aum\u00f4nier actuel est adventiste et travaille \u00e0 la mise en place d\u2019une \u00e9quipe d\u2019auxiliaires d\u2019aum\u00f4nerie\u00a0intercommunautaires \u00bb<\/em>, explique Jos\u00e9 Dias. Sachant que la communaut\u00e9 baptiste d\u2019Annecy est membre de <a href=\"http:\/\/www.eglises-baptistes.fr\/\" target=\"_blank\" rel=\"noopener\">la F\u00e9d\u00e9ration des \u00e9glises \u00e9vang\u00e9liques baptistes de communaut\u00e9s France (FEEBF)<\/a> et de <a href=\"http:\/\/www.protestants.org\/\" target=\"_blank\" rel=\"noopener\">la F\u00e9d\u00e9ration protestante de France (FPF)<\/a>. Dans un cadre \u0153cum\u00e9nique, des groupes de pri\u00e8re et d\u2019\u00e9tudes bibliques sont par ailleurs r\u00e9guli\u00e8rement organis\u00e9s avec l\u2019\u00e9glise catholique de la ville d\u2019Annecy. Autrement, cette \u00e9glise baptiste s\u2019organise autour de diff\u00e9rents groupes, certains pour les jeunes, d\u2019autres pour les adultes. Il est, du reste, amusant de noter que de temps en temps les femmes se r\u00e9unissent d\u2019un c\u00f4t\u00e9 au sein du groupe <em>\u00ab\u00a0F\u00e9minin Pluri-elles\u00a0\u00bb<\/em> et les hommes de l\u2019autre <em>\u00ab\u00a0Hommes pluriels\u00a0\u00bb<\/em>. <em>\u00ab\u00a0Ce temps \u00e0 part entre femmes ou entre hommes est important pour notre \u00e9glise. L\u2019id\u00e9e consiste \u00e0 engager les hommes dans la communaut\u00e9, \u00e0 les impliquer dans la vie de l\u2019\u00e9glise. A chaque r\u00e9union, ils sont une dizaine \u00e0 venir. Mais pour\u00a0les tous les autres moments de l\u2019\u00e9glise, tout le monde est r\u00e9uni \u00bb<\/em>, poursuit Jos\u00e9 Dias.<\/p>\n<p>La paroisse a \u00e9galement mis en place une cat\u00e9ch\u00e8se pour adultes (dont les parcours Alpha), notamment \u00e0 destination des nouveaux membres. En 2009, l\u2019Eglise baptiste d\u2019Annecy a fond\u00e9 l&#8217;association &#8220;Mains Ouvertes&#8221; afin d\u2019organiser des \u00e9v\u00e9nements et autres activit\u00e9s culturelles. <em>\u00ab\u00a0Une<\/em><em> plateforme id\u00e9ale pour prendre une part active dans les animations locales et traduire notre t\u00e9moignage en actions concr\u00e8tes\u00a0\u00bb<\/em>, explique-t-on sur le site de la paroisse. \u00a0La participation \u00e0 la course <em>\u00ab\u00a0Dragon boat\u00a0\u00bb<\/em> sur le majestueux lac d\u2019Annecy, d\u00e9but octobre, a ainsi permis de reverser les b\u00e9n\u00e9fices \u00e0 une association caritative. Et, toujours dans cette volont\u00e9 d\u2019empathie, la paroisse organise le 11 novembre prochain un culte sp\u00e9cial pour prier et soutenir les chr\u00e9tiens pers\u00e9cut\u00e9s.<\/p>\n<p>Marie Piat<\/p>\n<ul>\n<li>Eglise \u00e9vang\u00e9lique baptiste d\u2019Annecy &#8211; Espace Arc en ciel, 5, Chemin du Panorama -74960 Cran-Gevrier. <strong>T\u00e9l\u00e9phone :<\/strong> +33 (0)6 28 23 07 66. <strong>Email :<\/strong> <a href=\"mailto:contact@eglise-baptiste-annecy.fr\">contact@eglise-baptiste-annecy.fr<\/a>. <a href=\"http:\/\/www.eglise-baptiste-annecy.fr\">eglise-baptiste-annecy.fr<\/a> . Culte tous les dimanches \u00e0 10h<\/li>\n<\/ul>\n<p><iframe loading=\"lazy\" style=\"border: 0;\" src=\"https:\/\/www.google.com\/maps\/embed?pb=!1m14!1m8!1m3!1d2776.5102768736747!2d6.107501!3d45.9011068!3m2!1i1024!2i768!4f13.1!3m3!1m2!1s0x478b85502664d863%3A0x5e36e92da240b515!2s%C3%89glise+%C3%89vang%C3%A9lique+Baptiste+d'Annecy!5e0!3m2!1sfr!2sfr!4v1540289081839\" width=\"600\" height=\"450\" frameborder=\"0\" allowfullscreen=\"allowfullscreen\"><span style=\"display: inline-block; width: 0px; overflow: hidden; line-height: 0;\" data-mce-type=\"bookmark\" class=\"mce_SELRES_start\">\ufeff<\/span><\/iframe><\/p>\n","protected":false},"excerpt":{"rendered":"<p>Bien install\u00e9e depuis quelque 35 ans dans la ville d\u2019Annecy, l\u2019\u00c9glise \u00e9vang\u00e9lique baptiste, membre de la FPF, se d\u00e9ploie afin de traduire son t\u00e9moignage spirituel en actions concr\u00e8tes.<\/p>\n","protected":false},"author":2,"featured_media":222,"comment_status":"open","ping_status":"open","sticky":false,"template":"","format":"standard","meta":[],"categories":[1],"tags":[],"_links":{"self":[{"href":"https:\/\/blog.regardsprotestants.com\/regardssurlesparoisses\/wp-json\/wp\/v2\/posts\/220"}],"collection":[{"href":"https:\/\/blog.regardsprotestants.com\/regardssurlesparoisses\/wp-json\/wp\/v2\/posts"}],"about":[{"href":"https:\/\/blog.regardsprotestants.com\/regardssurlesparoisses\/wp-json\/wp\/v2\/types\/post"}],"author":[{"embeddable":true,"href":"https:\/\/blog.regardsprotestants.com\/regardssurlesparoisses\/wp-json\/wp\/v2\/users\/2"}],"replies":[{"embeddable":true,"href":"https:\/\/blog.regardsprotestants.com\/regardssurlesparoisses\/wp-json\/wp\/v2\/comments?post=220"}],"version-history":[{"count":4,"href":"https:\/\/blog.regardsprotestants.com\/regardssurlesparoisses\/wp-json\/wp\/v2\/posts\/220\/revisions"}],"predecessor-version":[{"id":226,"href":"https:\/\/blog.regardsprotestants.com\/regardssurlesparoisses\/wp-json\/wp\/v2\/posts\/220\/revisions\/226"}],"wp:featuredmedia":[{"embeddable":true,"href":"https:\/\/blog.regardsprotestants.com\/regardssurlesparoisses\/wp-json\/wp\/v2\/media\/222"}],"wp:attachment":[{"href":"https:\/\/blog.regardsprotestants.com\/regardssurlesparoisses\/wp-json\/wp\/v2\/media?parent=220"}],"wp:term":[{"taxonomy":"category","embeddable":true,"href":"https:\/\/blog.regardsprotestants.com\/regardssurlesparoisses\/wp-json\/wp\/v2\/categories?post=220"},{"taxonomy":"post_tag","embeddable":true,"href":"https:\/\/blog.regardsprotestants.com\/regardssurlesparoisses\/wp-json\/wp\/v2\/tags?post=220"}],"curies":[{"name":"wp","href":"https:\/\/api.w.org\/{rel}","templated":true}]}}