{"id":212,"date":"2018-07-26T16:32:05","date_gmt":"2018-07-26T14:32:05","guid":{"rendered":"http:\/\/blog.regardsprotestants.com\/regardssurlesparoisses\/?p=212"},"modified":"2018-07-26T16:32:05","modified_gmt":"2018-07-26T14:32:05","slug":"lensemble-des-vallees-cevenoles","status":"publish","type":"post","link":"https:\/\/blog.regardsprotestants.com\/regardssurlesparoisses\/2018\/07\/26\/lensemble-des-vallees-cevenoles\/","title":{"rendered":"L\u2019Ensemble des vall\u00e9es c\u00e9venoles"},"content":{"rendered":"<p>La r\u00e9gion C\u00e9vennes-Languedoc-Roussillon s\u2019organise en \u00ab Ensembles \u00bb afin de r\u00e9pondre au mieux \u00e0 l\u2019\u00e9volution de la pratique religieuse. Illustration avec l\u2019Ensemble des vall\u00e9es c\u00e9venoles.<br \/>\n<!--more--><\/p>\n<p>22 juillet 2018, La Can de l\u2019Hospitalet, au-dessus de Pompidou, dans les C\u00e9vennes en Loz\u00e8re. Comme chaque ann\u00e9e, la communaut\u00e9 protestante de l\u2019Ensemble des vall\u00e9es c\u00e9venoles organise, lors du quatri\u00e8me dimanche de juillet, une assembl\u00e9e consistoriale consacr\u00e9e \u00e0 la mission (1). De fait, une tradition de plusieurs d\u00e9cennies. Cette ann\u00e9e, un culte pr\u00e9sid\u00e9 par Claude Baty, pr\u00e9sident de la F\u00e9d\u00e9ration Protestante de France de 2007 \u00e0 2013,\u00a0 une pr\u00e9dication de Pierre Lacoste, pasteur de l\u2019Eglise francophone protestante de Beyrouth. Et une conf\u00e9rence de Christine et Pierre Lacoste sur les <em>\u00ab\u00a0T\u00e9moignages de l\u2019\u00e9glise de Beyrouth et de l\u2019association Amel qui soutient des enfants r\u00e9fugi\u00e9s.\u00a0\u00bb<\/em> Derri\u00e8re l\u2019Ensemble des vall\u00e9es c\u00e9venoles, se cache une organisation exp\u00e9rimentale mise en place dans la r\u00e9gion C\u00e9vennes-Languedoc-Roussillon par d\u00e9cision synodale en 2012. <em>\u00ab\u00a0Auparavant, chaque commune avait son temple. Mais aujourd\u2019hui, il faut faire face \u00e0 la baisse de la pratique religieuse et \u00e0 la d\u00e9sertification des C\u00e9vennes m\u00eame si l\u2019\u00e9t\u00e9 ram\u00e8ne les protestants dans cette r\u00e9gion qui leur est si ch\u00e8re\u00a0\u00bb<\/em>, explique Pierre-Alain Jacot, l\u2019un des deux pasteurs de l\u2019ensemble avec Marlies Voorwinden. Toujours est-il que la r\u00e9gion compte une douzaine d\u2019Ensembles dont celui des vall\u00e9es c\u00e9venoles. Ce dernier, situ\u00e9 en Loz\u00e8re et dans le Gard, est partag\u00e9 en quatre secteurs : Hautes vall\u00e9es c\u00e9venoles, Vall\u00e9e Borgne, Saint-Jean-du-Gard \u2013 Mialet et Val de Salendrinque, chaque secteur ayant son pasteur r\u00e9f\u00e9rent et son propre journal. Soit un beau rassemblement de vingt quatre\u00a0 temples pour une trentaine de villages.<\/p>\n<p>L\u2019organisation fonctionne sur une charte sp\u00e9cifique pour chacun des Ensembles. Une charte adapt\u00e9e au terrain et \u00e9labor\u00e9e avec les conseils presbyt\u00e9raux. <em>\u00ab\u00a0L\u2019objectif consiste \u00e0 rationnaliser le travail pastoral en mutualisant les activit\u00e9s\u00a0\u00bb<\/em>, pr\u00e9cise Pierre-Alain Jacot. Une exp\u00e9rience, semble-t-il concluante mais en cours d\u2019\u00e9valuation apr\u00e8s cinq ann\u00e9es de pratique. A signaler que les vall\u00e9es c\u00e9venoles restaient, pour des raisons historiques, le seul Ensemble \u00e0 f\u00e9d\u00e9rer des associations cultuelles de l\u2019\u00c9glise protestante unie de France et de l\u2019Union nationale des Eglises protestantes r\u00e9form\u00e9es \u00e9vang\u00e9liques (UNEPREF) depuis une vingtaine d\u2019ann\u00e9es. Cependant, les deux Eglises r\u00e9form\u00e9es \u00e9vang\u00e9liques ont d\u00e9cid\u00e9es de rejoindre l\u2019\u00c9glise protestante unie.<\/p>\n<p><strong><img decoding=\"async\" loading=\"lazy\" class=\"alignleft wp-image-215\" src=\"https:\/\/blog.regardsprotestants.com\/regardssurlesparoisses\/wp-content\/uploads\/2018\/07\/Mialet-culte-ensemble_web-300x169.jpg\" alt=\"Culte \u00e0 Mialet\" width=\"284\" height=\"160\" srcset=\"https:\/\/blog.regardsprotestants.com\/regardssurlesparoisses\/wp-content\/uploads\/2018\/07\/Mialet-culte-ensemble_web-300x169.jpg 300w, https:\/\/blog.regardsprotestants.com\/regardssurlesparoisses\/wp-content\/uploads\/2018\/07\/Mialet-culte-ensemble_web.jpg 700w\" sizes=\"(max-width: 284px) 100vw, 284px\" \/>Implication des la\u00efcs<\/strong><\/p>\n<p>Quatre secteurs pour trois postes pastoraux dont un vacant puisque Marlies Voorwinden vient d\u2019\u00eatre nomm\u00e9e ministre de la paroisse de Beaucaire-Tarascon, et que le pasteur Nicolas Blanc viendra de N\u00eemes en solidarit\u00e9 r\u00e9gionale pour un an. <em>\u00ab\u00a0C\u2019est un des d\u00e9fis actuels et non des moindres,<\/em> reconna\u00eet Pierre-Alain Jacot. <em>D\u2019o\u00f9 une tr\u00e8s grande implication des la\u00efcs, une tradition qui remonte \u00e0 la r\u00e9vocation de l\u2019\u00e9dit de Nantes en 1685.\u00a0\u00bb<\/em> L\u2019\u00e9quipe pastorale peut compter sur une trentaine de personnes de bonne volont\u00e9, pr\u00e9dicateurs mandat\u00e9s, lecteurs, et sur des pasteurs retrait\u00e9s notamment pr\u00e9sents pendant la p\u00e9riode estivale, pour des cultes et des c\u00e9r\u00e9monies, tels les mariages ou services fun\u00e8bres. L\u2019\u00e9quipe assiste aussi les pasteurs pour les nombreuses activit\u00e9s, le cat\u00e9chisme organis\u00e9 \u00e0 Saint-Jean-du-Gard et \u00e0 Sainte-Croix-Vall\u00e9e-Fran\u00e7aise, mais aussi les <em>\u00ab\u00a0Ecolettes\u00a0\u00bb<\/em>, nom c\u00e9venol de l\u2019\u00e9cole biblique. Plusieurs groupes d\u2019enfants mais le m\u00eame programme. Des camps pour les jeunes de cinq \u00e0 onze ans, sont aussi organis\u00e9s \u00e0 la Toussaint et au printemps. Parmi les autres activit\u00e9s, la chorale ouverte \u00e0 tous et les \u00e9tudes bibliques qui circulent d\u2019un secteur \u00e0 l\u2019autre. <em>\u00ab\u00a0En hiver, nous nous organisons autour de cinq lieux de culte par dimanche et en \u00e9t\u00e9 dans huit \u00e0 neuf villages diff\u00e9rents, avec une rotation des temples. L\u2019\u00e9quipe pastorale organise par ailleurs trois \u00e0 cinq journ\u00e9es par an pour r\u00e9unir l\u2019ensemble des vall\u00e9es c\u00e9venoles dans l\u2019un des vingt quatre temples\u00a0\u00bb<\/em>, rappelle Marlies Voorwinden. A signaler que cet Ensemble s\u2019est beaucoup impliqu\u00e9 dans l\u2019accueil de r\u00e9fugi\u00e9s, notamment \u00e0 Lassalle, \u00e0 Mialet, Saint-Jean-du-Gard, Saint-Germain-de-Calberte ou bien encore \u00e0 Barre-des-C\u00e9vennes, en partenariat avec d\u2019autres collectifs. Les vall\u00e9es c\u00e9venoles participent \u00e9galement, en accueillant des groupes, \u00e0 la fameuse Assembl\u00e9e du D\u00e9sert, qui aura lieu le 2 septembre prochain \u00e0 Mialet.<\/p>\n<p>Marie Piat<\/p>\n<ul>\n<li>L\u2019Ensemble des vall\u00e9es c\u00e9venoles : Pasteur Pierre-Alain Jacot &#8211; Le Presbyt\u00e8re &#8211;\u00a0 48110 Sainte-Croix-Vall\u00e9e-Fran\u00e7aise &#8211; 04 66 47 78 54<\/li>\n<\/ul>\n<p><iframe loading=\"lazy\" style=\"border: 0;\" src=\"https:\/\/www.google.com\/maps\/embed?pb=!1m18!1m12!1m3!1d4046.559712192261!2d3.7405578597588054!3d44.17925895929198!2m3!1f0!2f0!3f0!3m2!1i1024!2i768!4f13.1!3m3!1m2!1s0x12b38802fc3a1b5b%3A0xb7083a2478e1eda3!2s48110+Sainte-Croix-Vall%C3%A9e-Fran%C3%A7aise!5e0!3m2!1sfr!2sfr!4v1532614754587\" width=\"600\" height=\"450\" frameborder=\"0\" allowfullscreen=\"allowfullscreen\"><\/iframe><\/p>\n","protected":false},"excerpt":{"rendered":"<p>La r\u00e9gion C\u00e9vennes-Languedoc-Roussillon s\u2019organise en \u00ab Ensembles \u00bb afin de r\u00e9pondre au mieux \u00e0 l\u2019\u00e9volution de la pratique religieuse. Illustration avec l\u2019Ensemble des vall\u00e9es c\u00e9venoles.<\/p>\n","protected":false},"author":2,"featured_media":213,"comment_status":"open","ping_status":"open","sticky":false,"template":"","format":"standard","meta":[],"categories":[1],"tags":[],"_links":{"self":[{"href":"https:\/\/blog.regardsprotestants.com\/regardssurlesparoisses\/wp-json\/wp\/v2\/posts\/212"}],"collection":[{"href":"https:\/\/blog.regardsprotestants.com\/regardssurlesparoisses\/wp-json\/wp\/v2\/posts"}],"about":[{"href":"https:\/\/blog.regardsprotestants.com\/regardssurlesparoisses\/wp-json\/wp\/v2\/types\/post"}],"author":[{"embeddable":true,"href":"https:\/\/blog.regardsprotestants.com\/regardssurlesparoisses\/wp-json\/wp\/v2\/users\/2"}],"replies":[{"embeddable":true,"href":"https:\/\/blog.regardsprotestants.com\/regardssurlesparoisses\/wp-json\/wp\/v2\/comments?post=212"}],"version-history":[{"count":4,"href":"https:\/\/blog.regardsprotestants.com\/regardssurlesparoisses\/wp-json\/wp\/v2\/posts\/212\/revisions"}],"predecessor-version":[{"id":218,"href":"https:\/\/blog.regardsprotestants.com\/regardssurlesparoisses\/wp-json\/wp\/v2\/posts\/212\/revisions\/218"}],"wp:featuredmedia":[{"embeddable":true,"href":"https:\/\/blog.regardsprotestants.com\/regardssurlesparoisses\/wp-json\/wp\/v2\/media\/213"}],"wp:attachment":[{"href":"https:\/\/blog.regardsprotestants.com\/regardssurlesparoisses\/wp-json\/wp\/v2\/media?parent=212"}],"wp:term":[{"taxonomy":"category","embeddable":true,"href":"https:\/\/blog.regardsprotestants.com\/regardssurlesparoisses\/wp-json\/wp\/v2\/categories?post=212"},{"taxonomy":"post_tag","embeddable":true,"href":"https:\/\/blog.regardsprotestants.com\/regardssurlesparoisses\/wp-json\/wp\/v2\/tags?post=212"}],"curies":[{"name":"wp","href":"https:\/\/api.w.org\/{rel}","templated":true}]}}