{"id":191,"date":"2018-05-31T17:04:36","date_gmt":"2018-05-31T15:04:36","guid":{"rendered":"http:\/\/blog.regardsprotestants.com\/regardssurlesparoisses\/?p=191"},"modified":"2018-05-31T17:04:36","modified_gmt":"2018-05-31T15:04:36","slug":"leglise-protestante-unie-clermont-auvergne","status":"publish","type":"post","link":"https:\/\/blog.regardsprotestants.com\/regardssurlesparoisses\/2018\/05\/31\/leglise-protestante-unie-clermont-auvergne\/","title":{"rendered":"L\u2019\u00c9glise protestante unie Clermont-Auvergne"},"content":{"rendered":"<p>A Clermont-Ferrand, le temple, \u00e0 l\u2019architecture fa\u00e7on Le Corbusier, a f\u00eat\u00e9 ses 50 ans en 2016. Dans cette r\u00e9gion tr\u00e8s catholique, l\u2019\u00c9glise protestante unie Clermont-Auvergne est n\u00e9anmoins tr\u00e8s vivante, soucieuse d\u2019accueil et d\u2019\u0153cum\u00e9nisme, et sachant vivre de l\u2019int\u00e9rieur les diff\u00e9rences de sensibilit\u00e9.<strong><br \/>\n<\/strong><!--more--><\/p>\n<p>Une fl\u00e8che haute d\u2019une vingtaine de m\u00e8tres tourn\u00e9e vers le ciel, dot\u00e9e d\u2019un vitrail et d\u2019un puits de lumi\u00e8re \u00e9clairant l\u2019int\u00e9rieur du temple. Pour la fa\u00e7ade, un air de Bible ouverte donnant envie de pousser la porte. C\u2019est ainsi que le temple de Clermont-Ferrand, tout de b\u00e9ton brut v\u00eatu, se tient au c\u0153ur de la ville, \u00e0 proximit\u00e9 de la place des Salins, portant bien haut les couleurs de la seule \u00e9glise protestante unie du Puy de D\u00f4me quand bien-m\u00eame il aurait besoin d\u2019\u00eatre raval\u00e9. A l\u2019int\u00e9rieur, un d\u00e9cor d\u2019une grande sobri\u00e9t\u00e9, une belle fresque illustrant les \u00e9tapes de la vie et des vitraux \u00e9tonnants dessin\u00e9s par le docteur Cheynel. Ce temple fut con\u00e7u par l\u2019architecte Jean Marconnet, construit au d\u00e9but des ann\u00e9es 60, gr\u00e2ce \u00e0 la mobilisation des paroissiens, et inaugur\u00e9 en 1966 (1). Une paroisse marqu\u00e9e par le pasteur Alphonse Maillot qui y aura exerc\u00e9 son minist\u00e8re durant une vingtaine d\u2019ann\u00e9es jusqu\u2019en 1977. <em>\u00ab\u00a0Clermont-Ferrand est avant tout une ville \u00e9piscopale. Le protestantisme y est revenu peu \u00e0 peu dans le courant du 19<sup>\u00e8me<\/sup> si\u00e8cle via des groupes missionnaires d\u2019\u00e9vang\u00e9listes. Et, pendant la seconde guerre mondiale, la facult\u00e9 de th\u00e9ologie protestante de Strasbourg s\u2019est install\u00e9e dans la ville \u00bb<\/em>, raconte Patrick Aublet, pasteur de l\u2019EPUdF de Clermont-Ferrand depuis 2011. Ce sont donc aujourd\u2019hui quelque 400 familles qui composent la paroisse, dont pr\u00e8s de la moiti\u00e9 participe \u00e0 la vie financi\u00e8re de l\u2019\u00c9glise. <em>\u00ab\u00a0Une communaut\u00e9 bien vivante constitu\u00e9e de familles historiques, de passage chez Michelin pour des raisons professionnelles, et quelques personnes nouvelles, sans attache ant\u00e9rieure avec le protestantisme,<\/em> <em>tr\u00e8s pr\u00e9sentes et qui ont soif de l\u2019\u00c9vangile \u00bb<\/em>, pr\u00e9cise Alain Chapon, pr\u00e9sident du conseil presbyt\u00e9ral. Du c\u00f4t\u00e9 des jeunes, un groupe d\u2019\u00e9veil \u00e0 la foi pour petits \u00ab\u00a0Raconte-moi une histoire\u00a0\u00bb tous les dimanches, une quinzaine d\u2019enfants \u00e0 l\u2019\u00e9cole biblique, une petite dizaine au cat\u00e9chisme accueillis tous les quinze jours le samedi apr\u00e8s-midi (avec un culte des familles une fois par mois) et un groupe d\u2019\u00e9tudiants tous les quinze jours. <em>\u00ab\u00a0De surcro\u00eet, depuis deux ans, un culte de louanges est organis\u00e9 le dimanche \u00e0 18h. Un culte, suivi d\u2019un repas, qui r\u00e9unit une trentaine de personnes\u00a0\u00bb,<\/em> appr\u00e9cie Alain Chapon.<\/p>\n<p>Si la paroisse est unique dans le Puy de D\u00f4me, elle peut cependant s\u2019appuyer sur le renfort de deux autres temples pendant l\u2019\u00e9t\u00e9, l\u2019un \u00e0 Royat, l\u2019autre au Mont Dore avec un culte tous les dimanches en juillet et ao\u00fbt, dans ces deux villes thermales fort pris\u00e9es des touristes. Patrick Aublet et Matthias Helmlinger, autre pasteur exer\u00e7ant son minist\u00e8re \u00e0 mi-temps, peuvent aussi compter sur une \u00e9quipe de huit pr\u00e9dicateurs dont trois paroissiens \u00e9tudiants en th\u00e9ologie (Paris et Gen\u00e8ve) et une femme professeure \u00e0 l\u2019Institut Catholique de Clermont-Ferrand dot\u00e9e d\u2019un double doctorat en th\u00e9ologie et \u00e9conomie. Sachant que ces pr\u00e9dicateurs b\u00e9n\u00e9ficient d\u2019une formation sp\u00e9cifique pour apprendre \u00e0 construire un culte autour d\u2019un texte liturgique.<\/p>\n<p><strong>Les d\u00e9fis de la communaut\u00e9<\/strong><\/p>\n<p><em><img decoding=\"async\" loading=\"lazy\" class=\"alignleft size-medium wp-image-198\" src=\"https:\/\/blog.regardsprotestants.com\/regardssurlesparoisses\/wp-content\/uploads\/2018\/05\/clermont-ferrand-int-1-web-300x169.jpg\" alt=\"clermont-ferrand-int-1-web\" width=\"300\" height=\"169\" srcset=\"https:\/\/blog.regardsprotestants.com\/regardssurlesparoisses\/wp-content\/uploads\/2018\/05\/clermont-ferrand-int-1-web-300x169.jpg 300w, https:\/\/blog.regardsprotestants.com\/regardssurlesparoisses\/wp-content\/uploads\/2018\/05\/clermont-ferrand-int-1-web.jpg 550w\" sizes=\"(max-width: 300px) 100vw, 300px\" \/>\u00ab\u00a0Il s\u2019agit aussi de construire une communaut\u00e9 autour de cette dispersion g\u00e9ographique qui caract\u00e9rise notre paroisse<\/em>, observe Patrick Aublet. <em>D\u2019autant que les paroissiens affichent des sensibilit\u00e9s diff\u00e9rentes avec des expressions plus \u00e9vang\u00e9liques pour certains, tandis que d\u2019autres seront plus lib\u00e9rales. La foi est commune, nous partageons les m\u00eames fondamentaux, mais elle s\u2019exprime de fa\u00e7on diff\u00e9rente. Il faut donc montrer les vari\u00e9t\u00e9s d\u2019expression autour d\u2019une m\u00eame foi avec certains cultes plus \u00e9vang\u00e9liques et d\u2019autres plus r\u00e9form\u00e9s.\u00a0\u00bb<\/em> Du reste, l\u2019EPUdF de Clermont-Ferrand cultive le relationnel avec les trois \u00e9glises \u00e9vang\u00e9liques de la ville, membres de la FPF, soit avec les Adventistes, les Baptistes et l\u2019\u00c9glise du R\u00e9veil. Idem avec les quatre paroisses catholiques et les deux paroisses orthodoxes (roumaine et grecque). Soit dix \u00e9glises chr\u00e9tiennes au sein d\u2019une agglom\u00e9ration de pr\u00e8s de 262\u00a0000 habitants\u00a0!<\/p>\n<p>Autrement dit, une dimension \u0153cum\u00e9nique importante.\u00a0 Cet aspect se traduit, entre autres, par l\u2019organisation d\u2019un Festival de Th\u00e9\u00e2tre Biblique tous les deux ans depuis 18 ans avec les autres paroisses chr\u00e9tiennes. Le 9<sup>\u00e8me<\/sup> festival ayant eu lieu en octobre 2017. Un franc succ\u00e8s pour ce festival qui dure une semaine autour d\u2019une dizaine de pi\u00e8ces accueillant de nombreux spectateurs et des acteurs connus, tels Brigitte Fossey et Michael Lonsdale. Certains spectacles sont donn\u00e9s dans les centres hospitaliers, en prison et dans les \u00e9tablissements scolaires. C\u2019est ce m\u00eame esprit d\u2019ouverture et d\u2019accueil de l\u2019autre qui a conduit la paroisse, en partenariat avec l\u2019Association familiale Protestante d\u2019Entraide (AFPE), \u00e0 accueillir depuis 2015 trois familles de Syriens, une famille angolaise, une famille rwandaise, une famille nig\u00e9riane et une famille albanaise. <em>\u00ab\u00a0Une \u00c9glise accueillante, t\u00e9moin de J\u00e9sus Christ et \u00e0 l\u2019\u00e9coute de l\u2019Esprit Saint\u00a0\u00bb<\/em>, conclut Alain Chapon.<\/p>\n<p>Marie Piat<\/p>\n<ul>\n<li>\u00c9glise protestante unie Clermont-Auvergne \u2013 11, rue Marmontel 63000 Clermont-Ferrand. T\u00e9l\u00a0: 04 73 34 81 30 \u2013 https:\/\/sites.google.com\/site\/erfclermontauvergne\/<\/li>\n<\/ul>\n<p><iframe loading=\"lazy\" style=\"border: 0;\" src=\"https:\/\/www.google.com\/maps\/embed?pb=!1m18!1m12!1m3!1d2783.136660933172!2d3.0804903159688974!3d45.76845137910572!2m3!1f0!2f0!3f0!3m2!1i1024!2i768!4f13.1!3m3!1m2!1s0x47f71bc010d2d549%3A0x55bd0ff55edbade6!2sTemple+et+presbyt%C3%A8re+de+Clermont+Ferrand!5e0!3m2!1sfr!2sfr!4v1527673035439\" width=\"600\" height=\"450\" frameborder=\"0\" allowfullscreen=\"allowfullscreen\"><\/iframe><\/p>\n","protected":false},"excerpt":{"rendered":"<p>A Clermont-Ferrand, le temple, \u00e0 l\u2019architecture fa\u00e7on Le Corbusier, a f\u00eat\u00e9 ses 50 ans en 2016. Dans cette r\u00e9gion tr\u00e8s catholique, l\u2019\u00c9glise protestante unie Clermont-Auvergne est n\u00e9anmoins tr\u00e8s vivante, soucieuse d\u2019accueil et d\u2019\u0153cum\u00e9nisme, et sachant vivre de l\u2019int\u00e9rieur les diff\u00e9rences de sensibilit\u00e9.<\/p>\n","protected":false},"author":2,"featured_media":197,"comment_status":"open","ping_status":"open","sticky":false,"template":"","format":"standard","meta":[],"categories":[1],"tags":[],"_links":{"self":[{"href":"https:\/\/blog.regardsprotestants.com\/regardssurlesparoisses\/wp-json\/wp\/v2\/posts\/191"}],"collection":[{"href":"https:\/\/blog.regardsprotestants.com\/regardssurlesparoisses\/wp-json\/wp\/v2\/posts"}],"about":[{"href":"https:\/\/blog.regardsprotestants.com\/regardssurlesparoisses\/wp-json\/wp\/v2\/types\/post"}],"author":[{"embeddable":true,"href":"https:\/\/blog.regardsprotestants.com\/regardssurlesparoisses\/wp-json\/wp\/v2\/users\/2"}],"replies":[{"embeddable":true,"href":"https:\/\/blog.regardsprotestants.com\/regardssurlesparoisses\/wp-json\/wp\/v2\/comments?post=191"}],"version-history":[{"count":8,"href":"https:\/\/blog.regardsprotestants.com\/regardssurlesparoisses\/wp-json\/wp\/v2\/posts\/191\/revisions"}],"predecessor-version":[{"id":204,"href":"https:\/\/blog.regardsprotestants.com\/regardssurlesparoisses\/wp-json\/wp\/v2\/posts\/191\/revisions\/204"}],"wp:featuredmedia":[{"embeddable":true,"href":"https:\/\/blog.regardsprotestants.com\/regardssurlesparoisses\/wp-json\/wp\/v2\/media\/197"}],"wp:attachment":[{"href":"https:\/\/blog.regardsprotestants.com\/regardssurlesparoisses\/wp-json\/wp\/v2\/media?parent=191"}],"wp:term":[{"taxonomy":"category","embeddable":true,"href":"https:\/\/blog.regardsprotestants.com\/regardssurlesparoisses\/wp-json\/wp\/v2\/categories?post=191"},{"taxonomy":"post_tag","embeddable":true,"href":"https:\/\/blog.regardsprotestants.com\/regardssurlesparoisses\/wp-json\/wp\/v2\/tags?post=191"}],"curies":[{"name":"wp","href":"https:\/\/api.w.org\/{rel}","templated":true}]}}