{"id":183,"date":"2018-03-30T11:38:54","date_gmt":"2018-03-30T09:38:54","guid":{"rendered":"http:\/\/blog.regardsprotestants.com\/regardssurlesparoisses\/?p=183"},"modified":"2018-03-30T11:38:54","modified_gmt":"2018-03-30T09:38:54","slug":"leglise-evangelique-baptiste-de-paimpol","status":"publish","type":"post","link":"https:\/\/blog.regardsprotestants.com\/regardssurlesparoisses\/2018\/03\/30\/leglise-evangelique-baptiste-de-paimpol\/","title":{"rendered":"L&#8217;\u00c9glise \u00e9vang\u00e9lique baptiste de Paimpol"},"content":{"rendered":"<p>Dans les C\u00f4tes d\u2019Armor aux bords de la Manche, \u00e0 Paimpol, l\u2019\u00c9glise \u00e9vang\u00e9lique baptiste reste profond\u00e9ment marqu\u00e9e par le monde anglo-saxon toujours soucieux d\u2019\u00e9vang\u00e9lisation. C\u2019est ainsi que ce haut-lieu touristique breton compte plus de pasteurs d\u2019origine britannique que fran\u00e7aise\u00a0!<\/p>\n<p><!--more--><\/p>\n<p>L\u2019histoire de l\u2019\u00c9glise \u00e9vang\u00e9lique baptiste de Paimpol reste plus que jamais li\u00e9e au monde anglo-saxon. La proximit\u00e9 des c\u00f4tes anglaises avec ce joli port de p\u00eache breton explique sans doute ce lien. Mais pas seulement. En quelque 114 ann\u00e9es, sur un total de huit pasteurs, cinq sont issus du monde anglo-saxon, du Royaume-Uni \u00e0 l\u2019Irlande en passant par les \u00c9tats-Unis. Tout d\u00e9bute \u00e0 l\u2019automne 1902 lorsque Charles Dickinson Terrell traverse la Manche en compagnie de sa femme Mabel pour venir \u00e9vang\u00e9liser la r\u00e9gion de Paimpol. Ce pasteur en provenance de Bristol fera construire le premier temple en bois en 1905 \u00e0 Coatmer. Ce temple sera d\u00e9mont\u00e9 et remont\u00e9 \u00e0 Paimpol en 1913 rue de l\u2019Enfer (cela ne s\u2019invente pas) aujourd\u2019hui renomm\u00e9e rue de Goas Plat. A cette \u00e9poque, les cultes dominicaux d\u00e9butent. <em>\u00ab\u00a0En 1920, arrive l\u2019homme cl\u00e9 de cette paroisse, Caradoc Jones. Un pasteur missionnaire gallois baptiste originaire de Cardiff, qui assurera son minist\u00e8re pendant pas moins de 46 ans. Soutenu par\u00a0Pioneer Mission, institution anglaise, Caradoc Jones donne son essor \u00e0 la communaut\u00e9 baptiste. Celle-ci pourra acheter un terrain et faire construire le temple actuel au 36 de la rue du Professeur Jean Renaud \u00bb<\/em>, raconte Charles-Frank Thomas, pasteur actuel de la paroisse, lui-m\u00eame am\u00e9ricain et parlant merveilleusement le fran\u00e7ais (1). Un joli temple \u00e0 l\u2019architecture typiquement bretonne dot\u00e9, \u00e0 l\u2019int\u00e9rieur, d\u2019une voute bois\u00e9e inspir\u00e9e d\u2019une coque de bateau renvers\u00e9e. Caradoc Jones sera aid\u00e9 dans sa mission par un colporteur \u00e9vang\u00e9lique Adolph Huck et le pasteur Arthur Matthews, tous deux anglais. <em>\u00ab\u00a0Ces trois hommes feront \u00e9quipe pendant une quarantaine d\u2019ann\u00e9es et formeront la communaut\u00e9. A l\u2019\u00e9poque l\u2019\u00e9glise \u00e9tait pleine\u00a0\u00bb<\/em>, poursuit Charles-Frank Thomas. Et, en 1970 seulement, arrive le premier pasteur fran\u00e7ais, Maurice Decker.<\/p>\n<p><strong>Mission oblige\u00a0!<\/strong><\/p>\n<p><img decoding=\"async\" loading=\"lazy\" class=\"alignleft size-medium wp-image-185\" src=\"https:\/\/blog.regardsprotestants.com\/regardssurlesparoisses\/wp-content\/uploads\/2018\/03\/interior-Temple_web-300x195.jpg\" alt=\"interior-Temple_web\" width=\"300\" height=\"195\" srcset=\"https:\/\/blog.regardsprotestants.com\/regardssurlesparoisses\/wp-content\/uploads\/2018\/03\/interior-Temple_web-300x195.jpg 300w, https:\/\/blog.regardsprotestants.com\/regardssurlesparoisses\/wp-content\/uploads\/2018\/03\/interior-Temple_web.jpg 350w\" sizes=\"(max-width: 300px) 100vw, 300px\" \/>Seulement voil\u00e0, si le temple fut plein autrefois, la paroisse, sans pasteur \u00e0 plein temps pendant dix ans, entre 2007 et 20017, conna\u00eet des heures plus calmes aujourd\u2019hui avec une centaine de fid\u00e8les. Et l\u2019esprit de mission de repasser par l\u00e0. Charles-Frank Thomas, arriv\u00e9 tout droit de Caroline du Nord avec sa femme Kathie (elle-m\u00eame fille de pasteur), est envoy\u00e9 \u00e0 Paimpol \u00e0 l\u2019\u00e9t\u00e9 2017 pour revivifier la communaut\u00e9. <em>\u00ab\u00a0Pendant toutes ces ann\u00e9es sans pasteur, la paroisse \u00e9vang\u00e9lique baptiste de Paimpol continuait de vivre mais c\u2019\u00e9tait loin d\u2019\u00eatre \u00e9vident pour la communaut\u00e9\u00a0\u00bb<\/em>, pr\u00e9cise notre pasteur am\u00e9ricain retrait\u00e9. Ceci expliquant cela, de nombreuses activit\u00e9s sont cr\u00e9\u00e9es ou refont surface\u00a0: l\u2019\u00c9cole du dimanche, r\u00e9union d\u2019un groupe de jeunes adultes le vendredi soir, d\u00e9veloppement de l\u2019\u00e9tude biblique et de la pri\u00e8re du mardi et cr\u00e9ation d\u2019une r\u00e9union de pri\u00e8res le samedi apr\u00e8s-midi. Charles-Frank Thomas, grand communicant devant l\u2019\u00c9ternel (comme souvent Outre-Atlantique) s\u2019emploie \u00e0 faire conna\u00eetre son \u00e9glise \u00e0 l\u2019ext\u00e9rieur, mission oblige. <em>\u00ab\u00a0Je vais en ville, je me pr\u00e9sente. J\u2019ai rencontr\u00e9 la paroisse catholique ce qui a permis d\u2019intensifier les c\u00e9r\u00e9monies \u0153cum\u00e9niques, notamment pendant la semaine de l\u2019unit\u00e9.\u00a0 J\u2019ai \u00e9galement rencontr\u00e9 le maire de Paimpol. Les habitants sont contents de voir revivre le temple protestant et nos voisins catholiques viennent parfois au culte dominical\u00a0\u00bb<\/em>, se r\u00e9jouit Charles-Frank qui conna\u00eet bien la France pour y avoir d\u00e9j\u00e0 v\u00e9cu une quarantaine d\u2019ann\u00e9es \u00e0 l\u2019occasion de diff\u00e9rentes missions. De fa\u00e7on plus prosa\u00efque, la presse r\u00e9gionale s\u2019est largement fait l\u2019\u00e9cho de ce red\u00e9ploiement, soit un point de plus pour la notori\u00e9t\u00e9. Et les projets ne manquent pas. La paroisse peut s\u2019appuyer sur de grands locaux jouxtant le temple, rachet\u00e9s en 2011. Des logements et de grandes salles pour organiser des temps de rencontre, accueillir les groupes, notamment de jeunes adultes. <em>\u00ab\u00a0Ces locaux nous permettront, par ailleurs, de d\u00e9velopper l\u2019aide aux populations d\u00e9favoris\u00e9es dans le cadre de notre association de bienfaisance Havre de Paix\u00a0\u00bb<\/em>, pr\u00e9cise Charles-Frank Thomas. Ce dernier, sera remplac\u00e9 l\u2019\u00e9t\u00e9 prochain par un nouveau pasteur \u00e0 plein temps bient\u00f4t nomm\u00e9, et repartira en Caroline du Nord en juin\u00a0: <em>\u00ab\u00a0nous attendrons notre prochaine mission. Je suis SOS Pasteur, toujours pr\u00e9sent pour boucher les trous. Cela a toujours \u00e9t\u00e9 ma vocation\u00a0\u00bb<\/em>, conclut-il.<\/p>\n<p>Marie Piat<\/p>\n<p>\u00c9glise \u00c9vang\u00e9lique Baptiste \u2013 36 rue du Professeur Jean Renaud 22500 Paimpol. 02 96 20 83 12. Culte le dimanche matin \u00e0 10h. <a href=\"http:\/\/www.eglises-baptistes.fr\/Paimpol\" target=\"_blank\">eglises-baptistes.fr\/Paimpol<\/a><\/p>\n<p><iframe loading=\"lazy\" style=\"border: 0;\" src=\"https:\/\/www.google.com\/maps\/embed?pb=!1m18!1m12!1m3!1d2629.260826696765!2d-3.0390017839494634!3d48.77691057927966!2m3!1f0!2f0!3f0!3m2!1i1024!2i768!4f13.1!3m3!1m2!1s0x48121b759f295cc1%3A0x19f6e16ca94e9651!2sEglise+Evang%C3%A9lique+de+Paimpol!5e0!3m2!1sfr!2sfr!4v1522245503528\" width=\"600\" height=\"450\" frameborder=\"0\" allowfullscreen=\"allowfullscreen\"><\/iframe><\/p>\n","protected":false},"excerpt":{"rendered":"<p>Dans les C\u00f4tes d\u2019Armor aux bords de la Manche, \u00e0 Paimpol, l\u2019\u00c9glise \u00e9vang\u00e9lique baptiste reste profond\u00e9ment marqu\u00e9e par le monde anglo-saxon toujours soucieux d\u2019\u00e9vang\u00e9lisation. C\u2019est ainsi que ce haut-lieu touristique breton compte plus de pasteurs d\u2019origine britannique que fran\u00e7aise\u00a0!<\/p>\n","protected":false},"author":2,"featured_media":184,"comment_status":"open","ping_status":"open","sticky":false,"template":"","format":"standard","meta":[],"categories":[1],"tags":[],"_links":{"self":[{"href":"https:\/\/blog.regardsprotestants.com\/regardssurlesparoisses\/wp-json\/wp\/v2\/posts\/183"}],"collection":[{"href":"https:\/\/blog.regardsprotestants.com\/regardssurlesparoisses\/wp-json\/wp\/v2\/posts"}],"about":[{"href":"https:\/\/blog.regardsprotestants.com\/regardssurlesparoisses\/wp-json\/wp\/v2\/types\/post"}],"author":[{"embeddable":true,"href":"https:\/\/blog.regardsprotestants.com\/regardssurlesparoisses\/wp-json\/wp\/v2\/users\/2"}],"replies":[{"embeddable":true,"href":"https:\/\/blog.regardsprotestants.com\/regardssurlesparoisses\/wp-json\/wp\/v2\/comments?post=183"}],"version-history":[{"count":3,"href":"https:\/\/blog.regardsprotestants.com\/regardssurlesparoisses\/wp-json\/wp\/v2\/posts\/183\/revisions"}],"predecessor-version":[{"id":188,"href":"https:\/\/blog.regardsprotestants.com\/regardssurlesparoisses\/wp-json\/wp\/v2\/posts\/183\/revisions\/188"}],"wp:featuredmedia":[{"embeddable":true,"href":"https:\/\/blog.regardsprotestants.com\/regardssurlesparoisses\/wp-json\/wp\/v2\/media\/184"}],"wp:attachment":[{"href":"https:\/\/blog.regardsprotestants.com\/regardssurlesparoisses\/wp-json\/wp\/v2\/media?parent=183"}],"wp:term":[{"taxonomy":"category","embeddable":true,"href":"https:\/\/blog.regardsprotestants.com\/regardssurlesparoisses\/wp-json\/wp\/v2\/categories?post=183"},{"taxonomy":"post_tag","embeddable":true,"href":"https:\/\/blog.regardsprotestants.com\/regardssurlesparoisses\/wp-json\/wp\/v2\/tags?post=183"}],"curies":[{"name":"wp","href":"https:\/\/api.w.org\/{rel}","templated":true}]}}