{"id":171,"date":"2018-01-23T10:25:08","date_gmt":"2018-01-23T09:25:08","guid":{"rendered":"http:\/\/blog.regardsprotestants.com\/regardssurlesparoisses\/?p=171"},"modified":"2018-01-26T10:50:49","modified_gmt":"2018-01-26T09:50:49","slug":"a-remiremont-la-mairie-fait-office-de-temple","status":"publish","type":"post","link":"https:\/\/blog.regardsprotestants.com\/regardssurlesparoisses\/2018\/01\/23\/a-remiremont-la-mairie-fait-office-de-temple\/","title":{"rendered":"A Remiremont, la mairie fait office de temple"},"content":{"rendered":"<p>Install\u00e9 dans la mairie \u00e0 Remiremont dans les Vosges, fait unique en France, le temple de l\u2019\u00c9glise protestante unie, vit sa particularit\u00e9 discr\u00e8tement. Quand bien m\u00eame le temple a ouvert ses portes au public lors des Journ\u00e9es du patrimoine. Notamment parce que cette petite communaut\u00e9 protestante reste soucieuse d\u2019inter-religieux et d\u2019\u0153cum\u00e9nisme.<\/p>\n<p><!--more--><\/p>\n<p>A l\u2019heure o\u00f9 les d\u00e9bats sur la la\u00efcit\u00e9 font flor\u00e8s et o\u00f9 la s\u00e9paration des \u00c9glises et de l\u2019\u00c9tat remonte \u00e0 plus d\u2019un si\u00e8cle, c\u2019est une mairie, en l\u2019occurrence celle de Remiremont dans les Vosges, qui abrite le temple de l\u2019Eglise protestante unie de la ville (1). <i>\u00ab\u00a0Cette installation remonte \u00e0 la fin du 19<\/i><i>\u00e8me<\/i><i> si\u00e8cle, lorsque les protestants alsaciens ont quitt\u00e9 l\u2019Alsace apr\u00e8s 1870<\/i>, raconte Renate Zander, pr\u00e9sidente du conseil presbyt\u00e9ral depuis cinq ans. <img decoding=\"async\" loading=\"lazy\" class=\" wp-image-175 alignleft\" src=\"https:\/\/blog.regardsprotestants.com\/regardssurlesparoisses\/wp-content\/uploads\/2018\/01\/remiremont_2-300x200.jpg\" alt=\"remiremont_2\" width=\"251\" height=\"167\" srcset=\"https:\/\/blog.regardsprotestants.com\/regardssurlesparoisses\/wp-content\/uploads\/2018\/01\/remiremont_2-300x200.jpg 300w, https:\/\/blog.regardsprotestants.com\/regardssurlesparoisses\/wp-content\/uploads\/2018\/01\/remiremont_2.jpg 350w\" sizes=\"(max-width: 251px) 100vw, 251px\" \/><i>A l\u2019\u00e9poque, la mairie met la salle de musique de l\u2019abbatiale de l\u2019ancienne communaut\u00e9 des chanoinesses, qui r\u00e9gissaient autrefois la ville de Remiremont,<\/i> <i>\u00e0 la disposition du conseil presbyt\u00e9ral <\/i>(2).\u00a0\u00bb Un protestantisme d\u2019importation alsacienne essentiellement constitu\u00e9 d\u2019industriels du textile. <i>\u00ab\u00a0Ces protestants sont venus avec leur savoir-faire tant industriel qu\u2019humanitaire. Ils ont, en effet, cr\u00e9\u00e9, avant l\u2019heure, les premiers centres a\u00e9r\u00e9s\u00a0pour enfants \u00bb<\/i>, pr\u00e9cise pour sa part Val\u00e9rie Mitrani, devenue pasteure de l\u2019Eglise protestante unie de Remiremont en juillet 2015. Son mari, David Mitrani, \u00e9galement pasteur, exerce son minist\u00e8re \u00e0 Saint-Di\u00e9 des Vosges. Autrement dit, le couple pastoral officie dans toutes les Vosges.<\/p>\n<p>&nbsp;<\/p>\n<p><b>\u00c9vang\u00e9lisation<\/b><\/p>\n<p>La paroisse de Remiremont compte actuellement environ 120 familles. <i>\u00ab\u00a0La communaut\u00e9 protestante de Remiremont est tr\u00e8s attachante mais petite \u00bb<\/i>, poursuit Val\u00e9rie Mitrani. Comme souvent aujourd\u2019hui, la paroisse regroupe plusieurs villes, celles de Remiremont, de G\u00e9rardmer et de La Bresse, et deux temples, l\u2019un \u00e0 Remiremont, l\u2019autre \u00e0 G\u00e9rardmer. Pendant l\u2019ann\u00e9e scolaire, le culte se d\u00e9roule les 1er et 3\u00e8medimanches du mois \u00e0 10h30 \u00e0 Remiremont et le 4\u00e8me dimanche \u00e0 11h \u00e0 G\u00e9rardmer. Pas de culte le 2\u00e8me dimanche. En juillet et ao\u00fbt, tous les cultes ont lieu \u00e0 G\u00e9rardmer qui accueille de nombreux touristes pendant l\u2019\u00e9t\u00e9. Sachant que la veill\u00e9e de No\u00ebl se d\u00e9roule toujours dans ce temple, tout de bois v\u00eatu et souvent enneig\u00e9 l\u2019hiver. <i>\u00ab\u00a0Il est impossible d\u2019assurer tous les cultes<\/i>, rappelle notre pasteure. <i>Je suis donc \u00e9paul\u00e9e par des pr\u00e9dicateurs la\u00efcs, dont Renate Zander.\u00a0\u00bb<\/i> Robert Heilman, pasteur alsacien retrait\u00e9, apporte \u00e9galement r\u00e9guli\u00e8rement son soutien.<\/p>\n<p><img decoding=\"async\" loading=\"lazy\" class=\" wp-image-176 alignleft\" src=\"https:\/\/blog.regardsprotestants.com\/regardssurlesparoisses\/wp-content\/uploads\/2018\/01\/gerardmer-300x200.jpg\" alt=\"gerardmer\" width=\"249\" height=\"166\" srcset=\"https:\/\/blog.regardsprotestants.com\/regardssurlesparoisses\/wp-content\/uploads\/2018\/01\/gerardmer-300x200.jpg 300w, https:\/\/blog.regardsprotestants.com\/regardssurlesparoisses\/wp-content\/uploads\/2018\/01\/gerardmer.jpg 350w\" sizes=\"(max-width: 249px) 100vw, 249px\" \/>La cat\u00e9ch\u00e8se, organis\u00e9e autour de trois groupes, concerne une vingtaine d&#8217;enfants : cinq enfants se retrouvent sur place \u00e0 Remiremont, huit cat\u00e9chum\u00e8nes (12 \u00e0 14 ans) et quatre jeunes (15 \u00e0 18 ans) sont r\u00e9unis avec la paroisse voisine d&#8217;Epinal-Thaon. Autrement, les paroissiens appr\u00e9cient deux grandes dimensions qui caract\u00e9risent leur \u00e9glise. A commencer par un groupe inter-religieux, constitu\u00e9 d\u2019une dizaine de personnes issues des confessions juives, musulmanes et chr\u00e9tiennes, qui se r\u00e9unit r\u00e9guli\u00e8rement pour d\u00e9battre. Cette ann\u00e9e, le groupe s\u2019int\u00e9resse aux regards des croyants sur la famille. Des promenades sur la religion et la cr\u00e9ation, une exposition sur les livres sacr\u00e9s ou bien encore des d\u00e9bats sur la la\u00efcit\u00e9 ont \u00e9galement fait partie des th\u00e9matiques. Val\u00e9rie Mitrani veille aussi tout particuli\u00e8rement au renforcement de l\u2019activit\u00e9 \u0153cum\u00e9nique via deux groupes. <i>\u00ab\u00a0Dans cette r\u00e9gion moins peupl\u00e9e qu\u2019ailleurs, ma mission s\u2019apparente souvent \u00e0 de l\u2019\u00e9vang\u00e9lisation, souligne la pasteure. Car si la pratique n\u2019attire plus, si certains se m\u00e9fient de l\u2019institution eccl\u00e9siale, le religieux continue d\u2019int\u00e9resser les individus, beaucoup plus qu\u2019on ne le pense. Je vais \u00e0 la rencontre des paroissiens qui sont tr\u00e8s contents d\u2019avoir un pasteur proche. Et, j\u2019ai la chance d\u2019exercer un m\u00e9tier qui me permette d\u2019offrir un temps gratuit aux autres. C\u2019est tr\u00e8s pr\u00e9cieux et c\u2019est ma responsabilit\u00e9 spirituelle\u00a0\u00bb<\/i>, se r\u00e9jouit Val\u00e9rie Mitrani.<\/p>\n<p>Marie Piat<\/p>\n<ol>\n<li>\u00c9glise Protestante Unie\u00a0: 10, rue des Capucins \u2013 88200 Remiremont. 03 29 23 35 92. <a href=\"http:\/\/www.eglise-protestante-unie.fr\/remiremont\">www.eglise-protestante-unie.fr\/remiremont.<\/a> Temple de G\u00e9rardmer : 2, rue du Casino \u2013 88400 &#8211; G\u00e9rardmer<\/li>\n<li>L\u2019\u00c9glise catholique est aujourd\u2019hui install\u00e9e dans l\u2019abbaye de la ville.<\/li>\n<\/ol>\n<p><iframe loading=\"lazy\" style=\"border: 0;\" src=\"https:\/\/www.google.com\/maps\/embed?pb=!1m18!1m12!1m3!1d2668.8609943065876!2d6.593155715644772!3d48.01639537921392!2m3!1f0!2f0!3f0!3m2!1i1024!2i768!4f13.1!3m3!1m2!1s0x4793b029998572ed%3A0xa32c208fff54156!2sEglise+R%C3%A9form%C3%A9e+de+Remiremont!5e0!3m2!1sfr!2sfr!4v1516958120245\" width=\"600\" height=\"450\" frameborder=\"0\" allowfullscreen=\"allowfullscreen\"><\/iframe><\/p>\n<p>&nbsp;<\/p>\n<p><iframe loading=\"lazy\" style=\"border: 0;\" src=\"https:\/\/www.google.com\/maps\/embed?pb=!1m18!1m12!1m3!1d2666.143888469763!2d6.867005215646616!3d48.068865479218005!2m3!1f0!2f0!3f0!3m2!1i1024!2i768!4f13.1!3m3!1m2!1s0x4793c6675389f167%3A0xdcb439c42524c38b!2s2+Rue+du+Casino%2C+88400+G%C3%A9rardmer!5e0!3m2!1sfr!2sfr!4v1516958216207\" width=\"600\" height=\"450\" frameborder=\"0\" allowfullscreen=\"allowfullscreen\"><\/iframe><\/p>\n","protected":false},"excerpt":{"rendered":"<p>Install\u00e9 dans la mairie \u00e0 Remiremont dans les Vosges, fait unique en France, le temple de l\u2019\u00c9glise protestante unie, vit sa particularit\u00e9 discr\u00e8tement. Quand bien m\u00eame le temple a ouvert ses portes au public lors des Journ\u00e9es du patrimoine. Notamment parce que cette petite communaut\u00e9 protestante reste soucieuse d\u2019inter-religieux et d\u2019\u0153cum\u00e9nisme.<\/p>\n","protected":false},"author":2,"featured_media":173,"comment_status":"open","ping_status":"open","sticky":false,"template":"","format":"standard","meta":[],"categories":[1],"tags":[],"_links":{"self":[{"href":"https:\/\/blog.regardsprotestants.com\/regardssurlesparoisses\/wp-json\/wp\/v2\/posts\/171"}],"collection":[{"href":"https:\/\/blog.regardsprotestants.com\/regardssurlesparoisses\/wp-json\/wp\/v2\/posts"}],"about":[{"href":"https:\/\/blog.regardsprotestants.com\/regardssurlesparoisses\/wp-json\/wp\/v2\/types\/post"}],"author":[{"embeddable":true,"href":"https:\/\/blog.regardsprotestants.com\/regardssurlesparoisses\/wp-json\/wp\/v2\/users\/2"}],"replies":[{"embeddable":true,"href":"https:\/\/blog.regardsprotestants.com\/regardssurlesparoisses\/wp-json\/wp\/v2\/comments?post=171"}],"version-history":[{"count":7,"href":"https:\/\/blog.regardsprotestants.com\/regardssurlesparoisses\/wp-json\/wp\/v2\/posts\/171\/revisions"}],"predecessor-version":[{"id":181,"href":"https:\/\/blog.regardsprotestants.com\/regardssurlesparoisses\/wp-json\/wp\/v2\/posts\/171\/revisions\/181"}],"wp:featuredmedia":[{"embeddable":true,"href":"https:\/\/blog.regardsprotestants.com\/regardssurlesparoisses\/wp-json\/wp\/v2\/media\/173"}],"wp:attachment":[{"href":"https:\/\/blog.regardsprotestants.com\/regardssurlesparoisses\/wp-json\/wp\/v2\/media?parent=171"}],"wp:term":[{"taxonomy":"category","embeddable":true,"href":"https:\/\/blog.regardsprotestants.com\/regardssurlesparoisses\/wp-json\/wp\/v2\/categories?post=171"},{"taxonomy":"post_tag","embeddable":true,"href":"https:\/\/blog.regardsprotestants.com\/regardssurlesparoisses\/wp-json\/wp\/v2\/tags?post=171"}],"curies":[{"name":"wp","href":"https:\/\/api.w.org\/{rel}","templated":true}]}}