{"id":158,"date":"2017-12-01T12:12:35","date_gmt":"2017-12-01T11:12:35","guid":{"rendered":"http:\/\/blog.regardsprotestants.com\/regardssurlesparoisses\/?p=158"},"modified":"2017-12-13T16:03:28","modified_gmt":"2017-12-13T15:03:28","slug":"comment-leglise-protestante-unie-dagen-bouge-la-vie-des-uns-et-des-autres","status":"publish","type":"post","link":"https:\/\/blog.regardsprotestants.com\/regardssurlesparoisses\/2017\/12\/01\/comment-leglise-protestante-unie-dagen-bouge-la-vie-des-uns-et-des-autres\/","title":{"rendered":"Comment l\u2019\u00c9glise protestante unie d\u2019Agen bouge la vie des uns et des autres"},"content":{"rendered":"<p>De jeunes chr\u00e9tiens protestants qui se mettent b\u00e9n\u00e9volement au service de la ville \u00e0 plein temps pendant une semaine, ce n\u2019est pas si fr\u00e9quent. C\u2019est ce qui s\u2019est pass\u00e9 \u00e0 Agen, dans le Lot-et-Garonne, fin octobre dans un excellent climat relationnel entre l\u2019\u00c9glise protestante unie et les \u00c9glises m\u00e9thodiste, adventiste et l\u2019Assembl\u00e9e de Dieu d\u2019Agen.<\/p>\n<p><!--more--><\/p>\n<p><em>\u00ab\u00a0On a f\u00eat\u00e9 les 500 ans de la R\u00e9forme \u00e0 notre mani\u00e8re\u00a0\u00bb<\/em>, raconte Christophe Desplanque, pasteur de l\u2019\u00c9glise protestante unie d\u2019Agen. En perspective, un retour aux sources autour de l\u2019annonce de la Bonne Nouvelle, via un \u00e9v\u00e9nement baptis\u00e9 <em>\u00ab\u00a0Bouge Ta Ville \u00bb<\/em> (1). Derri\u00e8re cette accroche dynamique, une action qui a rassembl\u00e9 \u00e0 Agen, dans la derni\u00e8re semaine d\u2019octobre, une trentaine de jeunes chr\u00e9tiens de 15 \u00e0 30 ans et des adultes venus d\u2019ici et d\u2019ailleurs, bien d\u00e9cid\u00e9s \u00e0 se mettre b\u00e9n\u00e9volement au service de la ville. Soit 18 mois de pr\u00e9paration. Le tout, en lien avec les \u00e9quipes municipales. Au programme, des chantiers citoyens, nettoyage, entretien, plantations, animations de rue, visites dans les maisons de retraite, organisation de kermesses dans un quartier sensible et musulman \u00e0 95% avec concert et barbecue. <em>\u00ab\u00a0Autant d\u2019occasions pour ces jeunes d\u2019\u0153uvrer pour le bien de tous, de cr\u00e9er des liens et de r\u00e9pandre l\u2019id\u00e9e de gratuit\u00e9 et de joie partag\u00e9es. Une gratuit\u00e9 totale pour montrer que nous pouvons tous contribuer \u00e0 notre fa\u00e7on \u00e0 l\u2019annonce de la Bonne Nouvelle\u00a0\u00bb<\/em>, poursuit Christophe Desplanque. <em>\u00ab\u00a0Bouge Ta Ville\u00a0\u00bb<\/em>, orchestr\u00e9e par les quatre \u00e9glises protestantes agenaises, l\u2019\u00c9glise m\u00e9thodiste, l\u2019\u00c9glise adventiste, l\u2019Assembl\u00e9e de Dieu et l\u2019EpudF, s\u2019est termin\u00e9e le dimanche 29 octobre, jour de la R\u00e9formation, par un grand culte commun, en pr\u00e9sence de 300 personnes et du maire d\u2019Agen. Chaque pasteur pr\u00eachant sur un grand pr\u00e9cepte du protestantisme\u00a0: introduction de Christophe Desplanque avec une interview de Luther (un paroissien d\u00e9guis\u00e9), <em>\u00ab\u00a0L\u2019\u00e9criture seule\u00a0\u00bb<\/em> par le pasteur m\u00e9thodiste, <em>\u00ab\u00a0La gr\u00e2ce seule\u00a0\u00bb<\/em> par le pasteur de l\u2019Assembl\u00e9e de Dieu et la\u00a0<em>\u00ab\u00a0Foi seule\u00a0\u00bb<\/em> par le pasteur adventiste. <em>\u00ab\u00a0Le protestantisme est pluriel, ne l\u2019oublions pas. Sa diversit\u00e9 rentre progressivement dans les m\u0153urs\u00a0\u00bb<\/em>, appr\u00e9cie Christophe Desplanque.<\/p>\n<p><strong>\u00a0<img decoding=\"async\" loading=\"lazy\" class=\"alignleft wp-image-163 \" src=\"https:\/\/blog.regardsprotestants.com\/regardssurlesparoisses\/wp-content\/uploads\/2017\/11\/Le-temple-dAgen-r\u00e9nov\u00e9-web-300x181.jpg\" alt=\"Int\u00e9rieur du Temple d'Agen\" width=\"277\" height=\"167\" srcset=\"https:\/\/blog.regardsprotestants.com\/regardssurlesparoisses\/wp-content\/uploads\/2017\/11\/Le-temple-dAgen-r\u00e9nov\u00e9-web-300x181.jpg 300w, https:\/\/blog.regardsprotestants.com\/regardssurlesparoisses\/wp-content\/uploads\/2017\/11\/Le-temple-dAgen-r\u00e9nov\u00e9-web.jpg 550w\" sizes=\"(max-width: 277px) 100vw, 277px\" \/>Solidarit\u00e9 chr\u00e9tienne <\/strong><\/p>\n<p>La tradition protestante agenaise remonte \u00e0 1560. Mais il faudra attendre 1830 (l\u2019histoire \u00e9tant pass\u00e9e par l\u00e0) pour que le calvinisme s\u2019installe. En 1865, le temple est construit cours Victor-Hugo. <em>\u00ab\u00a0De construction sobre, avec sa rosace aux motifs g\u00e9om\u00e9triques, ses colonnes corinthiennes, son fronton triangulaire, son int\u00e9rieur imposant par sa nudit\u00e9 m\u00eame, le temple reste parfaitement appropri\u00e9 \u00e0 sa fonction\u00a0\u00bb<\/em>, peut-on lire sur le site de la paroisse (2). Cela fait maintenant huit ans que Christophe Desplanque est pasteur de l\u2019EpudF d\u2019Agen qui compte environ 300 familles, dont une bonne centaine active dans la vie de la paroisse\u00a0: <em>\u00ab\u00a0Notre \u00e9glise a connu un fort renouvellement de ses paroissiens ces derni\u00e8res ann\u00e9es,<\/em> souligne le pasteur. <em>Nous avons ainsi accueilli une forte communaut\u00e9 originaire de diff\u00e9rents pays d\u2019Afrique et issue de plusieurs \u00e9glises protestantes. Ce sont des familles tr\u00e8s engag\u00e9es, pratiquantes. Leurs enfants repr\u00e9sentent une \u00e9crasante majorit\u00e9 au cat\u00e9chisme.\u00a0\u00bb<\/em> Parmi les adultes, deux Camerounais ont relanc\u00e9 la chorale, dont Julienne D\u2019Oliveira qui a aussi instaur\u00e9 le Carrefour des femmes au sein de la paroisse, habitude camerounaise et lieu de rencontres mensuelles pour partager, entre autres, la parole de Dieu.<\/p>\n<p>Par ailleurs, au-del\u00e0 des activit\u00e9s paroissiales traditionnelles, \u00e9tude biblique, groupe de pri\u00e8res, groupe de maison \u2026 la diaconie reste l\u2019un des piliers de l\u2019EpudF d\u2019Agen. Dans un contexte de solidarit\u00e9 chr\u00e9tienne, les quatre \u00e9glises protestantes pr\u00e9parent et distribuent des colis de la banque alimentaire dans un local commun. <em>\u00ab\u00a0Nous ne pourrions le faire seuls,<\/em> explique Christophe Desplanque. <em>Il faut se r\u00e9jouir que de plus en plus de ponts s\u2019\u00e9tablissent entre les diff\u00e9rentes \u00e9glises.\u00a0\u00bb<\/em> Dans un m\u00eame esprit, <em>Espoir FM<\/em>, radio g\u00e9n\u00e9raliste protestante avec \u00e9missions chr\u00e9tiennes, qui diffuse 24h\/24 depuis 35 ans dans le Lot-et-Garonne, est le fruit de la collaboration entre les diff\u00e9rentes \u00e9glises de la FPF. Autre association commune, Stand\u2019up, coordonnatrice de <em>\u00ab\u00a0Bouge Ta Ville\u00a0\u00bb<\/em>, lanc\u00e9e par des jeunes d\u2019une \u00c9glise \u00e9vang\u00e9lique agenaise il y a huit ans pour t\u00e9moigner de l\u2019\u00c9vangile et qui rassemble d\u00e9sormais des membres de toutes les \u00c9glises, va bient\u00f4t ouvrir un caf\u00e9-restaurant solidaire. Christophe Desplanque rappelle \u00e9galement que l\u2019\u0153cum\u00e9nisme reste tr\u00e8s fort avec les catholiques, notamment via des r\u00e9unions de chants et pri\u00e8res. Et de conclure\u00a0au dernier synode r\u00e9gional du Sud-Ouest : <em>\u00ab\u00a0Les \u00c9glises chr\u00e9tiennes dans leur diversit\u00e9 sont une sorte de polyculture, parce qu\u2019elles mettent en commun leurs dons diff\u00e9rents pour l\u2019amour et le service du prochain.\u00a0\u00bb<\/em><\/p>\n<p>Marie Piat<\/p>\n<p><em>(1) \u00ab\u00a0Bouge Ta Ville\u00a0\u00bb<\/em> est un concept qui a \u00e9t\u00e9 lanc\u00e9 par l\u2019association Jeunesse Pour Christ, membre de la FPF.<\/p>\n<p>(2) Temple d\u2019Agen\u00a0: 18 cours Victor-Hugo-47000 Agen<\/p>\n<p>Presbyt\u00e8re\u00a0: 21, rue Griffon- 47000 Agen.<br \/>\nT\u00e9l\u00a0: 05 53 66 14 20<br \/>\nErf-agen.blogspot.fr<\/p>\n<p><iframe loading=\"lazy\" style=\"border: 0;\" src=\"https:\/\/www.google.com\/maps\/embed?pb=!1m18!1m12!1m3!1d2860.283756727328!2d0.6178110155156078!3d44.20122187910632!2m3!1f0!2f0!3f0!3m2!1i1024!2i768!4f13.1!3m3!1m2!1s0x12abb3227cb09e23%3A0xe1459b0b9bcf5d4c!2sTemple+protestant+de+l'Eglise+unie+Agen!5e0!3m2!1sfr!2sfr!4v1511868487027\" width=\"600\" height=\"450\" frameborder=\"0\" allowfullscreen=\"allowfullscreen\"><\/iframe><\/p>\n","protected":false},"excerpt":{"rendered":"<p>De jeunes chr\u00e9tiens protestants qui se mettent b\u00e9n\u00e9volement au service de la ville \u00e0 plein temps pendant une semaine, ce n\u2019est pas si fr\u00e9quent. C\u2019est ce qui s\u2019est pass\u00e9 \u00e0 Agen, dans le Lot-et-Garonne, fin octobre dans un excellent climat relationnel entre l\u2019\u00c9glise protestante unie et les \u00c9glises m\u00e9thodiste, adventiste et l\u2019Assembl\u00e9e de Dieu d\u2019Agen.<\/p>\n","protected":false},"author":2,"featured_media":162,"comment_status":"open","ping_status":"open","sticky":false,"template":"","format":"standard","meta":[],"categories":[1],"tags":[],"_links":{"self":[{"href":"https:\/\/blog.regardsprotestants.com\/regardssurlesparoisses\/wp-json\/wp\/v2\/posts\/158"}],"collection":[{"href":"https:\/\/blog.regardsprotestants.com\/regardssurlesparoisses\/wp-json\/wp\/v2\/posts"}],"about":[{"href":"https:\/\/blog.regardsprotestants.com\/regardssurlesparoisses\/wp-json\/wp\/v2\/types\/post"}],"author":[{"embeddable":true,"href":"https:\/\/blog.regardsprotestants.com\/regardssurlesparoisses\/wp-json\/wp\/v2\/users\/2"}],"replies":[{"embeddable":true,"href":"https:\/\/blog.regardsprotestants.com\/regardssurlesparoisses\/wp-json\/wp\/v2\/comments?post=158"}],"version-history":[{"count":8,"href":"https:\/\/blog.regardsprotestants.com\/regardssurlesparoisses\/wp-json\/wp\/v2\/posts\/158\/revisions"}],"predecessor-version":[{"id":169,"href":"https:\/\/blog.regardsprotestants.com\/regardssurlesparoisses\/wp-json\/wp\/v2\/posts\/158\/revisions\/169"}],"wp:featuredmedia":[{"embeddable":true,"href":"https:\/\/blog.regardsprotestants.com\/regardssurlesparoisses\/wp-json\/wp\/v2\/media\/162"}],"wp:attachment":[{"href":"https:\/\/blog.regardsprotestants.com\/regardssurlesparoisses\/wp-json\/wp\/v2\/media?parent=158"}],"wp:term":[{"taxonomy":"category","embeddable":true,"href":"https:\/\/blog.regardsprotestants.com\/regardssurlesparoisses\/wp-json\/wp\/v2\/categories?post=158"},{"taxonomy":"post_tag","embeddable":true,"href":"https:\/\/blog.regardsprotestants.com\/regardssurlesparoisses\/wp-json\/wp\/v2\/tags?post=158"}],"curies":[{"name":"wp","href":"https:\/\/api.w.org\/{rel}","templated":true}]}}