{"id":150,"date":"2017-10-13T10:09:22","date_gmt":"2017-10-13T08:09:22","guid":{"rendered":"http:\/\/blog.regardsprotestants.com\/regardssurlesparoisses\/?p=150"},"modified":"2017-10-13T10:44:17","modified_gmt":"2017-10-13T08:44:17","slug":"temoigner-ensemble-pour-leglise-protestante-unie-de-lille","status":"publish","type":"post","link":"https:\/\/blog.regardsprotestants.com\/regardssurlesparoisses\/2017\/10\/13\/temoigner-ensemble-pour-leglise-protestante-unie-de-lille\/","title":{"rendered":"\u00ab T\u00e9moigner ensemble \u00bb pour l\u2019\u00c9glise protestante unie de Lille"},"content":{"rendered":"<p>A Lille, la tradition protestante remonte \u00e0 la fin du 16\u00e8me si\u00e8cle. L\u2019\u00c9glise protestante unie de Lille, appel\u00e9e autrefois \u00c9glise de la rose, dans la tradition calvinienne, s\u2019adapte tout particuli\u00e8rement \u00e0 la nouvelle donne sociologique.<!--more--><\/p>\n<p>24 septembre 2017, au temple \u00e0 Lille, Emmanuelle Seyboldt, fraichement \u00e9lue pr\u00e9sidente de l\u2019Eglise Protestante Unie de France, pr\u00eache devant les paroissiens protestants lillois. Le tout en direct \u00e0 la t\u00e9l\u00e9vision (<em>Pr\u00e9sence Protestante<\/em>). Un culte ax\u00e9 sur la nouvelle d\u00e9claration de foi annonc\u00e9e en avant-premi\u00e8re lors du synode national organis\u00e9 toujours \u00e0 Lille en mai dernier, l\u00e0 m\u00eame o\u00f9 Emmanuelle Seyboldt a pris ses nouvelles fonctions. Le dynamisme protestant du nord de la France, cher \u00e0 Jan-Albert Roetman, pasteur depuis six ans de l\u2019EpudF de Lille, s\u2019en est trouv\u00e9 renforc\u00e9. L\u2019agglom\u00e9ration lilloise, une r\u00e9gion charg\u00e9e d\u2019histoire protestante comme tant d\u2019autres en France. <em>\u00ab\u00a0Le temple, class\u00e9, a \u00e9t\u00e9 construit en 1874 par des Alsaciens qui ont fui l\u2019Alsace apr\u00e8s la guerre de 1870. A la m\u00eame \u00e9poque, les juifs en ont fait autant et ont construit leur synagogue en face du temple. Les uns et les autres se sont install\u00e9s dans cette r\u00e9gion industrielle textile prosp\u00e8re\u00a0\u00e0 l\u2019\u00e9poque \u00bb<\/em>, rappelle Jan-Albert Roetman, n\u00e9erlandais, install\u00e9 en France depuis 27 ans.<\/p>\n<p>Du c\u00f4t\u00e9 des paroissiens, plut\u00f4t que de familles, Jan-Albert Roetman pr\u00e9f\u00e8re parler de foyers, au nombre de 500 environ, constitu\u00e9s d\u2019individus, parfois isol\u00e9s, et de familles souvent recompos\u00e9es. Soit 1\/3 de personnes \u00e2g\u00e9es de 60 ans et plus, 1\/3 de 30 \u00e0 50 ans et, enfin, un dernier tiers de jeunes et enfants. <em>\u00ab La pratique est diff\u00e9rente suivant les \u00e2ges. Les plus de 60 ans ont plus la culture du culte, les autres viennent de temps en temps, en fonction des \u00e9v\u00e9nements \u00bb<\/em>, pr\u00e9cise Jan-Albert Roetman. Et la paroisse lilloise d\u2019organiser, sans surprise, des \u00ab\u00a0\u00e9v\u00e9nements \u00bb autour des f\u00eates chr\u00e9tiennes.<\/p>\n<p><strong><img decoding=\"async\" loading=\"lazy\" class=\"alignleft wp-image-151\" src=\"https:\/\/blog.regardsprotestants.com\/regardssurlesparoisses\/wp-content\/uploads\/2017\/10\/Temple-int\u00e9rieur-web-300x200.jpg\" alt=\"Int\u00e9rieur du Temple de Lille\" width=\"250\" height=\"167\" srcset=\"https:\/\/blog.regardsprotestants.com\/regardssurlesparoisses\/wp-content\/uploads\/2017\/10\/Temple-int\u00e9rieur-web-300x200.jpg 300w, https:\/\/blog.regardsprotestants.com\/regardssurlesparoisses\/wp-content\/uploads\/2017\/10\/Temple-int\u00e9rieur-web.jpg 400w\" sizes=\"(max-width: 250px) 100vw, 250px\" \/>Vocation plurielle<\/strong><\/p>\n<p>Depuis cinq ans, le temple se remplit ainsi le soir du vendredi saint. Extraits de la Passion selon Saint Matthieu de Jean-S\u00e9bastien Bach, chants, temps de pri\u00e8re et recueillement. <em>\u00ab\u00a0Il ne s\u2019agit pas d\u2019un concert mais d\u2019une d\u00e9marche liturgique,<\/em> appr\u00e9cie le pasteur, <em>qui nous permet de retrouver une forme d\u2019espace communautaire.\u00a0\u00bb<\/em> La paroisse organise, par ailleurs chaque ann\u00e9e avec succ\u00e8s, six concerts afin de promouvoir la musique et les chants du patrimoine protestant (Bach, Mendelssohn, \u2026). Une musique tr\u00e8s appr\u00e9ci\u00e9e aussi lors des <em>\u00ab\u00a0Midi-Musique du Temple\u00a0\u00bb<\/em>, qui se d\u00e9roulent, de temps \u00e0 autres, le mardi entre 12h30 et 14h30.<\/p>\n<p>Egalement depuis huit ans, un temps de partage autour de l\u2019Avent instaur\u00e9 par Eckhart Altem\u00fcller, co-pasteur de la paroisse jusqu\u2019en 2015. <em>\u00ab\u00a0A partir du premier dimanche de l\u2019Avent et jusqu\u2019\u00e0 No\u00ebl, chaque jour, une famille ouvre les portes de sa maison, entre 19h30 et 20h30, pour un temps de pri\u00e8res, de chants, agr\u00e9ment\u00e9 de saveurs gourmandes. Un vrai succ\u00e8s. Les paroissiens ne s\u2019en lassent pas et se proposent spontan\u00e9ment pour accueillir\u00a0\u00bb<\/em>, raconte Dominique Leclerc, pr\u00e9sidente du conseil presbyt\u00e9ral depuis dix ans et paroissienne depuis toujours.\u00a0 Autre temps fort, celui du culte de la r\u00e9colte, le premier dimanche d\u2019octobre, avec d\u00e9pose de fruits et l\u00e9gumes de saison apport\u00e9s par les paroissiens sur la table de communion, et d\u00e9couverte de saveurs. <em>\u00ab\u00a0La cr\u00e9ation nous rend responsable de la nature\u00a0\u00bb<\/em>, rappelle Jan-Albert Roetman.\u00a0Des fruits et l\u00e9gumes qui seront distribu\u00e9s par L\u2019Entraide de la paroisse, tr\u00e8s active dans cette r\u00e9gion o\u00f9 la pr\u00e9carit\u00e9 reste tenace.<\/p>\n<p>Quant au <em>\u00ab\u00a0Sola Scriptura\u00a0\u00bb<\/em> de Martin Luther, Jan-Albert Roetman le compl\u00e8te avec <em>\u00ab\u00a0Sola Lectura.\u00a0\u00bb<\/em> Nom, depuis cette ann\u00e9e, de l\u2019\u00e9tude biblique du mercredi soir, car <em>\u00ab\u00a0avant d\u2019\u00e9tudier, il faut d\u00e9j\u00e0 bien lire\u00a0les textes \u00bb<\/em>, rappelle-t-il \u00e0 juste titre. Au programme en octobre, les Ep\u00eetres de Pierre, Jacques et Jean. Les 500 ans de la R\u00e9forme sont aussi l\u2019occasion de nombreux \u00e9v\u00e9nements\u00a0: conf\u00e9rences, temps de pri\u00e8re, concerts, th\u00e9\u00e2tre (<em>Luther et moi<\/em> par la Cie du Sablier avec G\u00e9rard Rozier), ou bien encore Masterclasses pour chanter les cantiques de Luther \u00e0 quatre voix. <em>\u00ab\u00a0Voil\u00e0 comment l\u2019Eglise vit sa vocation de mani\u00e8re plurielle dans les domaines musicaux, diaconaux et cultuels, <\/em>se pla\u00eet \u00e0 expliquer Jan-Albert Roetman<em>. Un contexte qui confirme que l\u2019Eglise joue de plus en plus un r\u00f4le de lien social.\u00bb<\/em><\/p>\n<p>Marie Piat<\/p>\n<ul>\n<li>15, rue Jeanne d\u2019Arc \u2013 59800 Lille. 03 20 54 77 28 <a href=\"http:\/\/www.protestants-lille.fr\" target=\"_blank\">protestants-lille.fr<\/a><\/li>\n<li>Quatre lieux de culte\u00a0: Lille, Baisieux, Illies et Maison de retraite de l\u2019Arche<\/li>\n<\/ul>\n<p><iframe loading=\"lazy\" style=\"border: 0;\" src=\"https:\/\/www.google.com\/maps\/embed?pb=!1m14!1m8!1m3!1d10123.696890237035!2d3.0649091!3d50.62852450000001!3m2!1i1024!2i768!4f13.1!3m3!1m2!1s0x0%3A0xab42db5fc278b5f2!2sEglise+protestante+unie+de+Lille!5e0!3m2!1sfr!2sfr!4v1507884108258\" width=\"600\" height=\"450\" frameborder=\"0\" allowfullscreen=\"allowfullscreen\"><\/iframe><\/p>\n","protected":false},"excerpt":{"rendered":"<p>A Lille, la tradition protestante remonte \u00e0 la fin du 16\u00e8me si\u00e8cle. L\u2019\u00c9glise protestante unie de Lille, appel\u00e9e autrefois \u00c9glise de la rose, dans la tradition calvinienne, s\u2019adapte tout particuli\u00e8rement \u00e0 la nouvelle donne sociologique.<\/p>\n","protected":false},"author":2,"featured_media":153,"comment_status":"open","ping_status":"open","sticky":false,"template":"","format":"standard","meta":[],"categories":[1],"tags":[],"_links":{"self":[{"href":"https:\/\/blog.regardsprotestants.com\/regardssurlesparoisses\/wp-json\/wp\/v2\/posts\/150"}],"collection":[{"href":"https:\/\/blog.regardsprotestants.com\/regardssurlesparoisses\/wp-json\/wp\/v2\/posts"}],"about":[{"href":"https:\/\/blog.regardsprotestants.com\/regardssurlesparoisses\/wp-json\/wp\/v2\/types\/post"}],"author":[{"embeddable":true,"href":"https:\/\/blog.regardsprotestants.com\/regardssurlesparoisses\/wp-json\/wp\/v2\/users\/2"}],"replies":[{"embeddable":true,"href":"https:\/\/blog.regardsprotestants.com\/regardssurlesparoisses\/wp-json\/wp\/v2\/comments?post=150"}],"version-history":[{"count":4,"href":"https:\/\/blog.regardsprotestants.com\/regardssurlesparoisses\/wp-json\/wp\/v2\/posts\/150\/revisions"}],"predecessor-version":[{"id":156,"href":"https:\/\/blog.regardsprotestants.com\/regardssurlesparoisses\/wp-json\/wp\/v2\/posts\/150\/revisions\/156"}],"wp:featuredmedia":[{"embeddable":true,"href":"https:\/\/blog.regardsprotestants.com\/regardssurlesparoisses\/wp-json\/wp\/v2\/media\/153"}],"wp:attachment":[{"href":"https:\/\/blog.regardsprotestants.com\/regardssurlesparoisses\/wp-json\/wp\/v2\/media?parent=150"}],"wp:term":[{"taxonomy":"category","embeddable":true,"href":"https:\/\/blog.regardsprotestants.com\/regardssurlesparoisses\/wp-json\/wp\/v2\/categories?post=150"},{"taxonomy":"post_tag","embeddable":true,"href":"https:\/\/blog.regardsprotestants.com\/regardssurlesparoisses\/wp-json\/wp\/v2\/tags?post=150"}],"curies":[{"name":"wp","href":"https:\/\/api.w.org\/{rel}","templated":true}]}}