{"id":130,"date":"2017-03-23T15:28:13","date_gmt":"2017-03-23T14:28:13","guid":{"rendered":"http:\/\/blog.regardsprotestants.com\/regardssurlesparoisses\/?p=130"},"modified":"2017-03-23T15:28:14","modified_gmt":"2017-03-23T14:28:14","slug":"le-vivre-ensemble-de-leglise-protestante-reformee-dangers-cholet","status":"publish","type":"post","link":"https:\/\/blog.regardsprotestants.com\/regardssurlesparoisses\/2017\/03\/23\/le-vivre-ensemble-de-leglise-protestante-reformee-dangers-cholet\/","title":{"rendered":"Le vivre ensemble de l\u2019\u00c9glise protestante r\u00e9form\u00e9e d\u2019Angers-Cholet"},"content":{"rendered":"<p>Lorsqu\u2019une paroisse protestante fusionne art et spiritualit\u00e9, vacances et foi partag\u00e9e, fraternit\u00e9 et int\u00e9gration, elle donne du sens au Vivre Ensemble.<br \/>\n<!--more--><\/p>\n<p>L\u2019\u00c9glise Protestante R\u00e9form\u00e9e d\u2019Angers-Cholet fait partie des 10% de paroisses de l\u2019\u00c9glise Protestante Unie \u00e0 avoir choisi, en 2012, de garder le terme r\u00e9form\u00e9 dans son appellation. Sans doute pour mieux pr\u00e9server sa notori\u00e9t\u00e9 sur des terres angevines, catholiques depuis toujours. C\u2019est autour de deux temples que la paroisse d\u2019Angers-Cholet, dans le Maine-et Loire, s\u2019organise, avec pour pasteur Etienne Berthomier, arriv\u00e9 il y a 10 ans apr\u00e8s avoir exerc\u00e9 son premier minist\u00e8re au Chambon-sur-Lignon (1). Un temple dans la capitale angevine install\u00e9 5 rue du Mus\u00e9e \u00e0 Angers dans une chapelle construite au Moyen-Age et affect\u00e9e aux Protestants en 1849. Un autre temple situ\u00e9 \u00e0 Cholet dans un \u00e9difice construit en 1968 par les protestants avec l\u2019aide de quelques catholiques, dans un bel \u00e9lan \u0153cum\u00e9nique. <em>\u00ab\u00a0Les quelque 400 familles qui composent la paroisse forment deux communaut\u00e9s sp\u00e9cifiques<\/em>, souligne Etienne Berthomier. <em>A Angers, les paroissiens, environ 340 foyers, sont plut\u00f4t issus du protestantisme m\u00eame si, \u00e0 l\u2019image des \u00e9glises r\u00e9form\u00e9es fran\u00e7aises, les origines sont de plus en plus vari\u00e9es. A Cholet, terroir traditionnellement catholique, nous accueillons une soixantaine de familles, souvent catholiques d\u2019origine.<\/em>\u00a0\u00bb Deux communaut\u00e9s qui ne forment qu\u2019une seule et unique paroisse autour du Conseil presbyt\u00e9ral.<\/p>\n<p><strong><img decoding=\"async\" loading=\"lazy\" class=\"size-medium wp-image-134 alignleft\" src=\"https:\/\/blog.regardsprotestants.com\/regardssurlesparoisses\/wp-content\/uploads\/2017\/03\/cholet_ext_web-300x200.jpg\" alt=\"Temple de Cholet\" width=\"300\" height=\"200\" srcset=\"https:\/\/blog.regardsprotestants.com\/regardssurlesparoisses\/wp-content\/uploads\/2017\/03\/cholet_ext_web-300x200.jpg 300w, https:\/\/blog.regardsprotestants.com\/regardssurlesparoisses\/wp-content\/uploads\/2017\/03\/cholet_ext_web.jpg 550w\" sizes=\"(max-width: 300px) 100vw, 300px\" \/>Art, loisirs &amp; spiritualit\u00e9<\/strong><\/p>\n<p>Au-del\u00e0 de ses activit\u00e9s traditionnelles, L\u2019\u00c9glise Protestante R\u00e9form\u00e9e d\u2019Angers-Cholet se distingue tout d\u2019abord par ses ambitions spirituelles li\u00e9es \u00e0 des activit\u00e9s culturelles et de loisirs. De fait, la naissance en 2008 de l\u2019Association culturelle protestante d\u2019Anjou est le point de d\u00e9part de nombreuses manifestations r\u00e9unissant, notamment depuis 2012, L\u2019\u00c9glise catholique Saint-Joseph d\u2019Angers situ\u00e9e quelques rues plus loin et le temple protestant. <em>\u00ab\u00a0Deux lieux de culte, mais aussi deux lieux dans la ville. Deux sensibilit\u00e9s, mais surtout une foi partag\u00e9e\u00a0\u00bb<\/em>, peut-on lire sur les affiches de l\u2019association. Conf\u00e9rences, concerts, rencontres Bible et art, expositions th\u00e9matiques d\u2019artistes contemporains r\u00e9gionaux associant art et spiritualit\u00e9 sur <em>\u00ab\u00a0La libert\u00e9\u00a0\u00bb<\/em> en 2012 ou bien encore <em>\u00ab\u00a0Je vous donne la terre\u00a0\u00bb<\/em> en 2016 (expositions partag\u00e9es \u00e0 voir au temple et \u00e0 l\u2019\u00e9glise Saint-Joseph.<\/p>\n<p>Avec en 2017 de nombreuses manifestations ax\u00e9es sur Luther, dont des concerts (Le choral luth\u00e9rien\u00a0: Tr\u00e9sor de la R\u00e9forme de J-S. Bach) et des d\u00eeners anim\u00e9s (avec participation du public et interview imaginaire du R\u00e9formateur). Dans tous les cas,\u00a0 <em>\u00ab\u00a0le partage d\u2019un temps avec d\u2019autres favorisant l\u2019int\u00e9gration est un fil conducteur dans la vie de notre \u00e9glise\u00a0\u00bb<\/em>, poursuit Etienne Berthomier. La paroisse organise, par ailleurs, depuis pr\u00e8s de 20 ans <em>\u00ab\u00a0Vacances ensemble.\u00a0\u00bb<\/em> Soit, fin juillet, chaque ann\u00e9e, une semaine ouverte aux plus petits comme aux plus \u00e2g\u00e9s. <em>\u00ab\u00a0Nous louons un g\u00eete en France pour une cinquantaine de personnes. C\u2019est une exp\u00e9rience humaine formidable\u00a0\u00bb<\/em>, raconte Etienne Berthomier, qui fait partie des vacanciers. Au programme, activit\u00e9s bibliques, tourisme et veill\u00e9es. Dans le m\u00eame esprit depuis trois ans, la paroisse organise des <em>\u00ab\u00a0Week-ends familiaux\u00a0\u00bb<\/em> en bord de mer en avril. Enfin <em>\u00ab\u00a0C\u00e9vennes Ensemble\u00a0\u00bb<\/em> r\u00e9unit fin ao\u00fbt les paroissiens souhaitant participer \u00e0 l\u2019Assembl\u00e9e du D\u00e9sert.<\/p>\n<p>La richesse de ces temps pass\u00e9s ensemble se retrouve \u00e9galement dans les nombreuses activit\u00e9s paroissiales. Un culte tous les dimanches \u00e0 Angers et deux par mois \u00e0 Cholet. Quatre groupes de jeunes, de l\u2019\u00e9veil biblique aux \u00e9tudiants \u00e0 Angers. Un peu \u00a0plus dans le style classe unique \u00e0 Cholet. Des \u00e9quipes de pr\u00e9dicateurs la\u00efcs pour les cultes. Trois groupes de maison (deux \u00e0 Angers, un \u00e0 Cholet) quelques soirs dans l\u2019ann\u00e9e. <em>\u00ab\u00a0Des groupes tr\u00e8s ouverts sur le plan \u0153cum\u00e9nique accueillant des catholiques\u00a0\u00bb<\/em>, souligne notre pasteur. Des r\u00e9unions autour de textes de la Bible (Foi &amp; Bible, \u00c9tudes bibliques) ou de th\u00e8mes (Au c\u0153ur de la foi). Un groupe \u0153cum\u00e9nique pour pr\u00e9parer les c\u00e9l\u00e9brations de la Semaine de l\u2019Unit\u00e9 des Chr\u00e9tiens dans chacune des villes. Une \u00e9quipe protestante pour animer une \u00e9mission hebdomadaire de 25 minutes sur RCF Anjou. Sans oublier l\u2019inter-religieux dans le cadre du CERDI, Centre de Rencontres et de Dialogue Inter-religieux, cofond\u00e9 par l\u2019\u00c9glise R\u00e9form\u00e9e d\u2019Angers-Cholet. Enfin, l\u2019Entraide, troisi\u00e8me association de la paroisse, tr\u00e8s active notamment autour d\u2019une <em>Pause Fraternelle<\/em> organis\u00e9e tous les vendredis apr\u00e8s-midi et ouverte \u00e0 tous, autre fa\u00e7on <em>\u00ab\u00a0d\u2019int\u00e9grer les uns et les autres.\u00a0Quand on adh\u00e8re \u00e0 l\u2019une des trois associations, on devient automatiquement membre des deux autres. Car la vie de l\u2019Eglise forme un ensemble. L\u2019une de ses grandes forces\u00a0\u00bb<\/em>, appr\u00e9cie Etienne Berthomier.<\/p>\n<p>Marie Piat<\/p>\n<ul>\n<li><em>Eglise Protestante R\u00e9form\u00e9e d\u2019Angers-Cholet\u00a0: une heure de voiture entre les deux villes<\/em><\/li>\n<li><em>Eglise R\u00e9form\u00e9e d\u2019Angers\u00a0: 5, rue du Mus\u00e9e \u2013 49000 Angers &#8211; 02 41 48 06 07<\/em><\/li>\n<li><em>Eglise R\u00e9form\u00e9e de Cholet\u00a0: 69, rue Ren\u00e9 Bazin \u2013 49300 Cholet \u2013 02 41 65 32 62<\/em><\/li>\n<\/ul>\n<p>http:\/\/epudf.angers.cholet.free.fr\/<\/p>\n<p><iframe loading=\"lazy\" style=\"border: 0;\" src=\"https:\/\/www.google.com\/maps\/embed?pb=!1m18!1m12!1m3!1d5787591.617665255!2d0.5332998854740522!3d44.903555919307465!2m3!1f0!2f0!3f0!3m2!1i1024!2i768!4f13.1!3m3!1m2!1s0x0%3A0x7da4f708d59e7c80!2sEglise+Protestante+Unie+Angers!5e0!3m2!1sfr!2sfr!4v1490023977156\" width=\"600\" height=\"450\" frameborder=\"0\" allowfullscreen=\"allowfullscreen\"><\/iframe><\/p>\n<p><iframe loading=\"lazy\" style=\"border: 0;\" src=\"https:\/\/www.google.com\/maps\/embed?pb=!1m18!1m12!1m3!1d4005093.4872651664!2d2.207370933875126!3d46.11781918883944!2m3!1f0!2f0!3f0!3m2!1i1024!2i768!4f13.1!3m3!1m2!1s0x48064404f37f5f6d%3A0x4080e8cc8d935753!2sEglise+Protestante+Unie+Cholet!5e0!3m2!1sfr!2sfr!4v1490023909033\" width=\"600\" height=\"450\" frameborder=\"0\" allowfullscreen=\"allowfullscreen\"><\/iframe><\/p>\n","protected":false},"excerpt":{"rendered":"<p>Lorsqu\u2019une paroisse protestante fusionne art et spiritualit\u00e9, vacances et foi partag\u00e9e, fraternit\u00e9 et int\u00e9gration, elle donne du sens au Vivre Ensemble.<\/p>\n","protected":false},"author":2,"featured_media":133,"comment_status":"open","ping_status":"open","sticky":false,"template":"","format":"standard","meta":[],"categories":[1],"tags":[],"_links":{"self":[{"href":"https:\/\/blog.regardsprotestants.com\/regardssurlesparoisses\/wp-json\/wp\/v2\/posts\/130"}],"collection":[{"href":"https:\/\/blog.regardsprotestants.com\/regardssurlesparoisses\/wp-json\/wp\/v2\/posts"}],"about":[{"href":"https:\/\/blog.regardsprotestants.com\/regardssurlesparoisses\/wp-json\/wp\/v2\/types\/post"}],"author":[{"embeddable":true,"href":"https:\/\/blog.regardsprotestants.com\/regardssurlesparoisses\/wp-json\/wp\/v2\/users\/2"}],"replies":[{"embeddable":true,"href":"https:\/\/blog.regardsprotestants.com\/regardssurlesparoisses\/wp-json\/wp\/v2\/comments?post=130"}],"version-history":[{"count":3,"href":"https:\/\/blog.regardsprotestants.com\/regardssurlesparoisses\/wp-json\/wp\/v2\/posts\/130\/revisions"}],"predecessor-version":[{"id":136,"href":"https:\/\/blog.regardsprotestants.com\/regardssurlesparoisses\/wp-json\/wp\/v2\/posts\/130\/revisions\/136"}],"wp:featuredmedia":[{"embeddable":true,"href":"https:\/\/blog.regardsprotestants.com\/regardssurlesparoisses\/wp-json\/wp\/v2\/media\/133"}],"wp:attachment":[{"href":"https:\/\/blog.regardsprotestants.com\/regardssurlesparoisses\/wp-json\/wp\/v2\/media?parent=130"}],"wp:term":[{"taxonomy":"category","embeddable":true,"href":"https:\/\/blog.regardsprotestants.com\/regardssurlesparoisses\/wp-json\/wp\/v2\/categories?post=130"},{"taxonomy":"post_tag","embeddable":true,"href":"https:\/\/blog.regardsprotestants.com\/regardssurlesparoisses\/wp-json\/wp\/v2\/tags?post=130"}],"curies":[{"name":"wp","href":"https:\/\/api.w.org\/{rel}","templated":true}]}}