{"id":110,"date":"2017-01-09T11:10:06","date_gmt":"2017-01-09T10:10:06","guid":{"rendered":"http:\/\/blog.regardsprotestants.com\/regardssurlesparoisses\/?p=110"},"modified":"2017-01-09T13:03:15","modified_gmt":"2017-01-09T12:03:15","slug":"le-multiculturalisme-de-leglise-protestante-unie-de-besancon","status":"publish","type":"post","link":"https:\/\/blog.regardsprotestants.com\/regardssurlesparoisses\/2017\/01\/09\/le-multiculturalisme-de-leglise-protestante-unie-de-besancon\/","title":{"rendered":"Le multiculturalisme de l\u2019\u00c9glise protestante unie de Besan\u00e7on"},"content":{"rendered":"<p><strong>Deux temples pour l\u2019\u00c9glise protestante unie de Besan\u00e7on. L\u2019un install\u00e9 au bord du Doubs dans la Tour historique du Saint-Esprit. L\u2019autre situ\u00e9 \u00e0 Gray, en Haute-Sa\u00f4ne, \u00e0 45 km de Besan\u00e7on, dans une petite chapelle construite en 1968 par de jeunes protestants allemands.<\/strong><\/p>\n<p>&nbsp;<\/p>\n<p>&nbsp;<\/p>\n<p><!--more--><\/p>\n<p><em>\u00a0\u00ab\u00a0Un temple situ\u00e9 5, rue Goudimel, cela ne s\u2019invente\u00a0pas \u00bb<\/em>, se pla\u00eet \u00e0 raconter Emmanuelle Seyboldt, l\u2019un des deux pasteurs, avec Pierre-Emmanuel Panis, de l\u2019\u00c9glise protestante unie de Besan\u00e7on. Claude Goudimel, un compositeur enfant de la R\u00e9forme, n\u00e9 probablement \u00e0 Besan\u00e7on vers 1514-1520 o\u00f9 il fut ma\u00eetre de chapelle, et c\u00e9l\u00e8bre pour son Psautier Huguenot. Quelques psaumes et batailles religieuses plus tard, c\u2019est en 1848\u00a0 que l\u2019\u00c9glise protestante unie de Besan\u00e7on s\u2019installe dans la Tour du Saint-Esprit, dont les fondations remontent \u00e0 1200. Une \u00e9glise constitu\u00e9e tout d\u2019abord par une communaut\u00e9 suisse, puis renforc\u00e9e par des Alsaciens fuyant l\u2019Alsace apr\u00e8s la guerre de 1870. Sans doute les pr\u00e9mices d\u2019un multiculturalisme qui caract\u00e9rise tout particuli\u00e8rement la paroisse aujourd\u2019hui (1). <em>\u00ab\u00a0Notre communaut\u00e9 compos\u00e9e d\u2019environ 700 familles est devenue multiple. C\u2019est pourquoi nous organisons depuis trois ans en mai un grand culte multiculturel. D\u00e9nomm\u00e9\u00a0le culte du monde entier\u00a0 pour que chacun s\u2019exprime dans sa langue natale\u00a0<\/em>\u00bb, explique Emmanuelle Seyboldt. Un culte qui n\u00e9cessite beaucoup de pr\u00e9paration, avec les textes bibliques lus dans chacune des langues, le texte traduit apparaissant sur l\u2019\u00e9cran. Y compris les chants r\u00e9dig\u00e9s en phon\u00e9tique afin que chacun puisse chanter. En mai 2016, ce sont quelque vingt nationalit\u00e9s diff\u00e9rentes qui se sont ainsi exprim\u00e9es, issues d\u2019Afrique, d\u2019Asie et d\u2019Europe. <em>\u00ab\u00a0Un culte beau, \u00e9mouvant, tr\u00e8s appr\u00e9ci\u00e9,\u00a0qui fait vivre et ressentir l\u2019\u00e9glise universelle\u00bb<\/em>, se r\u00e9jouit notre pasteur.<\/p>\n<p>La paroisse compte, en outre, de plus en plus de nouveaux membres qui n\u2019\u00e9taient pas, \u00e0 l\u2019origine, protestants mais qui ont souhait\u00e9 se rapprocher du protestantisme. \u00ab\u00a0<em>La tendance<\/em> <em>reste r\u00e9cente<\/em>, pr\u00e9cise Emmanuelle Seyboldt, <em>mais se confirme bel et bien. Ces nouvelles familles repr\u00e9sentent d\u00e9sormais environ 20% des pratiquants, parmi ceux qui viennent r\u00e9guli\u00e8rement au culte le dimanche.\u00a0\u00bb<\/em> Autant de personnes qui peuvent puiser parmi les nombreuses activit\u00e9s de la paroisse. Pour les jeunes tout d\u2019abord. Le cat\u00e9chisme se d\u00e9roule le dimanche toute la journ\u00e9e, une fois par mois en raison des distances (les paroissiens habitent dans un rayon de 50 km autour de Besan\u00e7on). L\u2019\u00e9veil \u00e0 la foi et l\u2019\u00e9cole biblique ont lieu deux fois par mois durant le culte. Les lyc\u00e9ens, environ une quinzaine, se r\u00e9unissent quant \u00e0 eux un samedi soir chaque mois tout en pouvant participer \u00e0 P\u00e2ques \u00e0 un voyage d\u2019une semaine \u00e0 Taiz\u00e9. En perspective, la cr\u00e9ation d\u2019un groupe pour les \u00e9tudiants.<\/p>\n<p><strong><img decoding=\"async\" loading=\"lazy\" class=\"size-medium wp-image-113 alignleft\" src=\"https:\/\/blog.regardsprotestants.com\/regardssurlesparoisses\/wp-content\/uploads\/2017\/01\/Besancon-web-2-300x300.jpg\" alt=\"Culte au temple de Bsan\u00e7on\" width=\"300\" height=\"300\" srcset=\"https:\/\/blog.regardsprotestants.com\/regardssurlesparoisses\/wp-content\/uploads\/2017\/01\/Besancon-web-2-300x300.jpg 300w, https:\/\/blog.regardsprotestants.com\/regardssurlesparoisses\/wp-content\/uploads\/2017\/01\/Besancon-web-2-150x150.jpg 150w, https:\/\/blog.regardsprotestants.com\/regardssurlesparoisses\/wp-content\/uploads\/2017\/01\/Besancon-web-2.jpg 550w\" sizes=\"(max-width: 300px) 100vw, 300px\" \/>KT pour adultes<\/strong><\/p>\n<p>Ce sont aussi deux groupes de maison, plut\u00f4t ax\u00e9s sur les personnes \u00e2g\u00e9es, qui se r\u00e9unissent une fois par mois. L\u2019un sur le plateau d\u2019Ornans, l\u2019autre \u00e0 Besan\u00e7on. Au programme \u00e9galement, des \u00e9tudes bibliques \u0153cum\u00e9niques avec les communaut\u00e9s catholique et baptiste tant \u00e0 Besan\u00e7on qu\u2019\u00e0 Gray sous la direction d\u2019un pasteur et d\u2019un pr\u00eatre. Et, dans le cadre de l\u2019amiti\u00e9 jud\u00e9o-chr\u00e9tienne, la paroisse participe une fois par an au <em>\u00ab\u00a0Concert des Psaumes\u00a0\u00bb<\/em>, autour d\u2019un th\u00e8me\u00a0: la cr\u00e9ation en 2016, et le service en mars prochain. Des psaumes choisis ensemble par les chefs de ch\u0153ur des diff\u00e9rentes confessions, juive, catholique, protestante et orthodoxe.<\/p>\n<p>Enfin, l\u2019\u00e9quipe pastorale lance, pour la premi\u00e8re fois cette ann\u00e9e, un parcours de cat\u00e9chisme pour adultes suivant la m\u00e9thode Alpha. Soit huit s\u00e9ances entre mars et mai prochains avec expos\u00e9, questions-r\u00e9ponses et repas partag\u00e9. La paroisse avait d\u00e9j\u00e0 organis\u00e9 avec succ\u00e8s, en 2014, un parcours Alpha Couples qui avait d\u00e9bouch\u00e9 \u2026 sur un mariage\u00a0et un bapt\u00eame d\u2019adulte ! 2017 sera aussi l\u2019occasion d\u2019organiser un voyage sur les traces de Luther en Allemagne. Une ann\u00e9e riche en \u00e9v\u00e9nements qui pourrait marquer un tournant dans la vie pastorale d\u2019Emmanuelle Seyboldt pressentie pour devenir Pr\u00e9sidente du Conseil National de l\u2019Eglise protestante unie de France, en remplacement de Laurent Schlumberger. Apr\u00e8s un parcours multiple, d\u2019une mission \u00e0 l\u2019autre dans diff\u00e9rentes r\u00e9gions de France, cette m\u00e8re de famille nombreuse se mettra en chemin pour r\u00e9pondre \u00e0 ce nouvel appel.<\/p>\n<p>Marie Piat<\/p>\n<p>(1) Eglise protestante unie de Besan\u00e7on\u00a0: 5, rue Goudimel- 25000 Besan\u00e7on. 03 81 81 37 75.<br \/>\nTemple de Gray\u00a0: 28 ter avenue des Capucins, 70100 Gray (m\u00eame t\u00e9l\u00e9phone)<br \/>\nwww.eglise-protestante-unie.fr\/besan\u00e7on-et-environs<\/p>\n<p><iframe loading=\"lazy\" style=\"border: 0;\" src=\"https:\/\/www.google.com\/maps\/embed?pb=!1m14!1m8!1m3!1d3234177.7162167104!2d3.340860717617472!3d46.7512839545853!3m2!1i1024!2i768!4f13.1!3m3!1m2!1s0x0%3A0x8c56a5608ba3d915!2sTemple+du+St+Esprit!5e0!3m2!1sfr!2sfr!4v1483957847857\" width=\"600\" height=\"450\" frameborder=\"0\" allowfullscreen=\"allowfullscreen\"><\/iframe><\/p>\n","protected":false},"excerpt":{"rendered":"<p>Deux temples pour l\u2019\u00c9glise protestante unie de Besan\u00e7on. L\u2019un install\u00e9 au bord du Doubs dans la Tour historique du Saint-Esprit. L\u2019autre situ\u00e9 \u00e0 Gray, en Haute-Sa\u00f4ne, \u00e0 45 km de Besan\u00e7on, dans une petite chapelle construite en 1968 par de jeunes protestants allemands. &nbsp; &nbsp;<\/p>\n","protected":false},"author":2,"featured_media":112,"comment_status":"open","ping_status":"open","sticky":false,"template":"","format":"standard","meta":[],"categories":[1],"tags":[],"_links":{"self":[{"href":"https:\/\/blog.regardsprotestants.com\/regardssurlesparoisses\/wp-json\/wp\/v2\/posts\/110"}],"collection":[{"href":"https:\/\/blog.regardsprotestants.com\/regardssurlesparoisses\/wp-json\/wp\/v2\/posts"}],"about":[{"href":"https:\/\/blog.regardsprotestants.com\/regardssurlesparoisses\/wp-json\/wp\/v2\/types\/post"}],"author":[{"embeddable":true,"href":"https:\/\/blog.regardsprotestants.com\/regardssurlesparoisses\/wp-json\/wp\/v2\/users\/2"}],"replies":[{"embeddable":true,"href":"https:\/\/blog.regardsprotestants.com\/regardssurlesparoisses\/wp-json\/wp\/v2\/comments?post=110"}],"version-history":[{"count":8,"href":"https:\/\/blog.regardsprotestants.com\/regardssurlesparoisses\/wp-json\/wp\/v2\/posts\/110\/revisions"}],"predecessor-version":[{"id":120,"href":"https:\/\/blog.regardsprotestants.com\/regardssurlesparoisses\/wp-json\/wp\/v2\/posts\/110\/revisions\/120"}],"wp:featuredmedia":[{"embeddable":true,"href":"https:\/\/blog.regardsprotestants.com\/regardssurlesparoisses\/wp-json\/wp\/v2\/media\/112"}],"wp:attachment":[{"href":"https:\/\/blog.regardsprotestants.com\/regardssurlesparoisses\/wp-json\/wp\/v2\/media?parent=110"}],"wp:term":[{"taxonomy":"category","embeddable":true,"href":"https:\/\/blog.regardsprotestants.com\/regardssurlesparoisses\/wp-json\/wp\/v2\/categories?post=110"},{"taxonomy":"post_tag","embeddable":true,"href":"https:\/\/blog.regardsprotestants.com\/regardssurlesparoisses\/wp-json\/wp\/v2\/tags?post=110"}],"curies":[{"name":"wp","href":"https:\/\/api.w.org\/{rel}","templated":true}]}}