{"id":706,"date":"2026-04-24T18:24:19","date_gmt":"2026-04-24T16:24:19","guid":{"rendered":"https:\/\/blog.regardsprotestants.com\/jap\/?p=706"},"modified":"2026-04-24T18:24:19","modified_gmt":"2026-04-24T16:24:19","slug":"qui-sont-les-mineurs-en-prison","status":"publish","type":"post","link":"https:\/\/blog.regardsprotestants.com\/jap\/qui-sont-les-mineurs-en-prison\/","title":{"rendered":"Qui sont les mineurs en prison ?"},"content":{"rendered":"\n<p><em>Chaque ann\u00e9e, pr\u00e8s de 3\u00a0500 mineurs sont incarc\u00e9r\u00e9s dans les prisons fran\u00e7aises.<\/em><\/p>\n\n\n\n<!--more-->\n\n\n\n<p> Ils repr\u00e9sentent environ 1% de la population p\u00e9nale totale, les filles mineures sont tr\u00e8s peu nombreuses elles ne sont que 3,5 % du total des mineurs. Ils sont incarc\u00e9r\u00e9s pour moiti\u00e9 dans des maisons d\u2019arr\u00eat o\u00f9 ils sont strictement s\u00e9par\u00e9s des majeurs, et pour moiti\u00e9 dans des \u00e9tablissement p\u00e9nitentiaires pour mineurs (EPM). \u00a0Plus de la moiti\u00e9 ont entre 17 et 18 ans, les moins de 15 ans repr\u00e9sentent moins de 5 % du total. La caract\u00e9ristique principale des mineurs incarc\u00e9r\u00e9s est l\u2019\u00e9chec scolaire : 70% sont en rupture de scolarit\u00e9, parfois depuis l\u2019\u00e2ge de 12 ou 13 ans. La pr\u00e9sence d&rsquo;enseignants de l\u2019Education nationale en d\u00e9tention permet \u00e0 certains de renouer avec l\u2019enseignement, car pour eux la scolarit\u00e9 y est obligatoire, contrairement aux majeurs.<\/p>\n\n\n\n<p>Les raisons de l\u2019incarc\u00e9ration sont relativement stables depuis plusieurs ann\u00e9es. La premi\u00e8re cause est le vol et le recel dans environ 30 % des cas. Puis, ce sont les violences volontaires pour 20 %, les infractions \u00e0 la l\u00e9gislation sur les stup\u00e9fiants pour 10%, les d\u00e9gradations, outrages et r\u00e9bellion pour 10 %, et environ 5 % pour viol. Les autres motifs sont tr\u00e8s vari\u00e9s (port d\u2019arme, extorsion, d\u00e9lit routier, prox\u00e9n\u00e9tisme, escroquerie, etc.). La plupart des motifs d\u2019incarc\u00e9rations sont de l\u2019ordre de la petite d\u00e9linquance, c\u2019est pourquoi la dur\u00e9e moyenne d\u2019incarc\u00e9ration est relativement courte, de l\u2019ordre de 6 mois, alors qu\u2019elle est de 12 mois pour les majeurs.<\/p>\n\n\n\n<p>L\u2019une des causes les plus fr\u00e9quemment avanc\u00e9e pour expliquer la d\u00e9linquance des mineurs est que leurs parents le sont \u00e9galement, mais contrairement \u00e0 cette id\u00e9e re\u00e7ue, seul 1 % des mineurs ont un parent ayant des ant\u00e9c\u00e9dents de d\u00e9tention. Par contre 15 % ont un fr\u00e8re ayant fait de la d\u00e9tention, et environ la moiti\u00e9 ont un ami qui a fait de la d\u00e9tention. Cela s\u2019explique par le fait que chez les mineurs, la d\u00e9linquance est le r\u00e9sultat d\u2019une dynamique de groupe. L\u2019entr\u00e9e dans la d\u00e9linquance se fait dans la tr\u00e8s grande majorit\u00e9 des cas sous la forme de l\u2019apprentissage par compagnonnage, car un jeune apprend de ceux de ses pairs qui sont d\u00e9j\u00e0 dans la d\u00e9linquance et ont un peu plus d\u2019exp\u00e9rience que lui. En d\u00e9tention, le cadre de leur prise en charge \u00e9ducative est issu de l\u2019Ordonnance du 2 f\u00e9vrier 1945 relative \u00e0 l\u2019enfance d\u00e9linquante, qui a instaur\u00e9 le primat de l\u2019\u00e9ducatif sur le punitif. Elle est \u00e0 l\u2019origine de la cr\u00e9ation en 1990 des services de la Protection Judiciaire de la Jeunesse, qui interviennent en milieu ouvert ainsi qu\u2019en prison. La d\u00e9tention est l\u2019occasion pour les mineurs de reconsid\u00e9rer les raisons et les m\u00e9canismes de leur engagement dans la d\u00e9linquance, et de reconstruire des liens familiaux qui sont bien souvent probl\u00e9matiques.<\/p>\n\n\n\n<p>L\u2019incarc\u00e9ration est une \u00e9preuve de r\u00e9alit\u00e9, qui confronte les mineurs \u00e0 diverses figures d&rsquo;identification, ce qui va leur faire reconsid\u00e9rer les actes et r\u00e9fl\u00e9chir \u00e0 leur avenir.<\/p>\n\n\n\n<p>La prison offre beaucoup de figures d\u2019identification n\u00e9gatives, qui induisent des mouvements de sortie de la d\u00e9linquance. Les toxicomanes, les sans-abris et les malades psychiatriques sont trois cat\u00e9gories sociologiques sur-repr\u00e9sent\u00e9es en prison chez les majeurs. Ce sont autant de figures d\u2019identification qui peuvent convaincre les mineurs que la d\u00e9linquance est une impasse, et m\u00eame une d\u00e9ch\u00e9ance, de fa\u00e7on bien plus efficace que le discours du psychiatre ou du juge. Pour ces adolescents aux jugements sans concessions, ces \u00ab&nbsp;grands&nbsp;\u00bb, qui vivent encore chez leurs parents \u00e0 30&nbsp;ans, sont des rat\u00e9s, des \u00ab&nbsp;bl\u00e9dards&nbsp;\u00bb, la honte de leur famille, un exemple \u00e0 ne pas suivre.<\/p>\n\n\n\n<p>Pass\u00e9 le temps de la d\u00e9couverte du milieu carc\u00e9ral, les figures d\u2019identifications les plus fr\u00e9quentes sont les membres de leur propre famille, qui ont parfois connu le m\u00eame parcours, et donnent le meilleur exemple de sortie de la d\u00e9linquance. Comme en t\u00e9moigne ce jeune de 17&nbsp;ans, qui vendait du cannabis dans sa cit\u00e9&nbsp;: \u00ab&nbsp;Quand j\u2019\u00e9tais petit, j\u2019entendais les grands qui disaient que les autres \u00e9taient en prison, et quand je leur t\u00e9l\u00e9phonais, ils disaient qu\u2019ils \u00e9taient \u00e0 l\u2019\u00e9cole militaire, au travail, ou en vacances. Je savais que \u00e7a allait m\u2019arriver. Le jour o\u00f9 je me ferai arr\u00eater, je savais que j\u2019arr\u00eaterai. Mes fr\u00e8res, certains sont pass\u00e9s par la prison, y\u2019en a un c\u2019\u00e9tait des braquages, les autres je ne sais pas. Ils sont dans le droit chemin, maintenant ils travaillent, ils sont mari\u00e9s, ils peuvent m\u2019aider.&nbsp;\u00bb<\/p>\n\n\n\n<p>Malgr\u00e9 l\u2019intervention des \u00e9ducateurs de la PJJ, des services de l\u2019Education nationale, des professionnels de sant\u00e9, la prison reste peu efficace pour pr\u00e9venir la r\u00e9cidive. C\u2019est pourquoi les deux-tiers des mineurs sont r\u00e9incarc\u00e9r\u00e9s dans les cinq ans qui suivent leur lib\u00e9ration, chiffre semblable \u00e0 celui des majeurs.<\/p>\n","protected":false},"excerpt":{"rendered":"<p>Chaque ann\u00e9e, pr\u00e8s de 3\u00a0500 mineurs sont incarc\u00e9r\u00e9s dans les prisons fran\u00e7aises.<\/p>\n","protected":false},"author":5,"featured_media":707,"comment_status":"closed","ping_status":"open","sticky":false,"template":"","format":"standard","meta":[],"categories":[3],"tags":[],"_links":{"self":[{"href":"https:\/\/blog.regardsprotestants.com\/jap\/wp-json\/wp\/v2\/posts\/706"}],"collection":[{"href":"https:\/\/blog.regardsprotestants.com\/jap\/wp-json\/wp\/v2\/posts"}],"about":[{"href":"https:\/\/blog.regardsprotestants.com\/jap\/wp-json\/wp\/v2\/types\/post"}],"author":[{"embeddable":true,"href":"https:\/\/blog.regardsprotestants.com\/jap\/wp-json\/wp\/v2\/users\/5"}],"replies":[{"embeddable":true,"href":"https:\/\/blog.regardsprotestants.com\/jap\/wp-json\/wp\/v2\/comments?post=706"}],"version-history":[{"count":1,"href":"https:\/\/blog.regardsprotestants.com\/jap\/wp-json\/wp\/v2\/posts\/706\/revisions"}],"predecessor-version":[{"id":708,"href":"https:\/\/blog.regardsprotestants.com\/jap\/wp-json\/wp\/v2\/posts\/706\/revisions\/708"}],"wp:featuredmedia":[{"embeddable":true,"href":"https:\/\/blog.regardsprotestants.com\/jap\/wp-json\/wp\/v2\/media\/707"}],"wp:attachment":[{"href":"https:\/\/blog.regardsprotestants.com\/jap\/wp-json\/wp\/v2\/media?parent=706"}],"wp:term":[{"taxonomy":"category","embeddable":true,"href":"https:\/\/blog.regardsprotestants.com\/jap\/wp-json\/wp\/v2\/categories?post=706"},{"taxonomy":"post_tag","embeddable":true,"href":"https:\/\/blog.regardsprotestants.com\/jap\/wp-json\/wp\/v2\/tags?post=706"}],"curies":[{"name":"wp","href":"https:\/\/api.w.org\/{rel}","templated":true}]}}