{"id":644,"date":"2025-04-17T19:21:42","date_gmt":"2025-04-17T17:21:42","guid":{"rendered":"https:\/\/blog.regardsprotestants.com\/jap\/?p=644"},"modified":"2025-04-22T19:09:54","modified_gmt":"2025-04-22T17:09:54","slug":"pourquoi-des-activites-ludiques-en-prison","status":"publish","type":"post","link":"https:\/\/blog.regardsprotestants.com\/jap\/pourquoi-des-activites-ludiques-en-prison\/","title":{"rendered":"Pourquoi des activit\u00e9s ludiques en prison ?"},"content":{"rendered":"\n<p><em>Aum\u00f4niers chr\u00e9tiens en prison, nous sommes alarm\u00e9s par le d\u00e9bat lanc\u00e9 contre les activit\u00e9s \u00ab&nbsp;ludiques&nbsp;\u00bb en d\u00e9tention.<\/em><\/p>\n\n\n\n<!--more-->\n\n\n\n<p><strong>Nous publions une tribune parue dans le journal La Croix, intitul\u00e9e <em>Activit\u00e9s ludiques en prison\u00a0: les aum\u00f4niers d\u00e9noncent \u00ab\u00a0un d\u00e9bat injuste et contre-productif\u00a0\u00bb<\/em> dans sa version internet du 25.02.2025 et intitul\u00e9e <em>Le d\u00e9bat sur les activit\u00e9s ludiques en prison est injuste<\/em> dans sa version papier du 03.03.2025. Elle est sign\u00e9e par Mgr\u00a0Marc Alric, le pasteur Philippe Aurouze et Bruno Lachnitt, tous trois aum\u00f4niers en prison, ils nous invitent \u00e0 nous mettre \u00e0 l\u2019\u00e9coute de ceux qui vivent la r\u00e9alit\u00e9 p\u00e9nitentiaire au quotidien.<\/strong><\/p>\n\n\n\n<p>Il nous semble injuste et contre-productif. Injuste parce que le mot employ\u00e9 est impropre, d\u00e9signant une activit\u00e9 visant \u00e0 restaurer l\u2019estime de soi et ayant r\u00e9pondu \u00e0 un appel \u00e0 projets de l\u2019administration p\u00e9nitentiaire. Le l\u00e9gitime besoin de s\u00e9curit\u00e9 exprim\u00e9 par nos concitoyens est aujourd\u2019hui pr\u00e9texte \u00e0 une surench\u00e8re, un cercle vicieux qui g\u00e9n\u00e8re paradoxalement plus d\u2019ins\u00e9curit\u00e9, de tensions.<\/p>\n\n\n\n<p>Tous les acteurs qui interviennent dans et autour de la prison devraient partager le m\u00eame objectif&nbsp;: accompagner chaque personne d\u00e9tenue vers le meilleur d\u2019elle-m\u00eame et vers sa r\u00e9insertion. C\u2019est le seul v\u00e9ritable int\u00e9r\u00eat de la soci\u00e9t\u00e9. Remettre en cause ce qui peut y contribuer est proprement insens\u00e9. Comment ressortiront celles et ceux qu\u2019on oublie derri\u00e8re les murs des prisons quand ils accumulent au quotidien une violence contenue dans des conditions indignes&nbsp;?<\/p>\n\n\n\n<p>Contre-productif, parce qu\u2019\u00e0 l\u2019heure o\u00f9 nous battons chaque mois de nouveaux records en mati\u00e8re de surpopulation carc\u00e9rale (80&nbsp;669 d\u00e9tenus dont 4&nbsp;310 matelas au sol pour 62&nbsp;385 places), nous sommes t\u00e9moins au quotidien de la souffrance qu\u2019elle g\u00e9n\u00e8re non seulement chez les personnes d\u00e9tenues dans des conditions indignes, mais aussi chez les personnels de surveillance qui sont mis \u00e0 mal dans des conditions de travail difficilement supportables. Au-del\u00e0 des discours convenus sur le sens de la peine, il est de fait que la surpopulation actuelle contribue \u00e0 lui \u00f4ter toute valeur.<\/p>\n\n\n\n<p>Si la prison est d\u00e9j\u00e0 loin de n\u2019\u00eatre comme le disait, en son temps, le pr\u00e9sident Giscard d\u2019Estaing que <em>\u00ab&nbsp;la privation de la libert\u00e9 d\u2019aller et venir, et rien d\u2019autre&nbsp;\u00bb<\/em>, le chemin vers un avenir sans r\u00e9cidive passe par l\u2019estime de soi et la confiance. Comment peut-on raisonnablement imaginer que les personnes d\u00e9tenues ressortent diff\u00e9rentes si on ne cesse de les identifier \u00e0 ce qui les a conduites en prison&nbsp;?<\/p>\n\n\n\n<p>Dans ce climat difficile, on esp\u00e9rerait que les politiques contribuent \u00e0 informer l\u2019opinion plut\u00f4t que de la suivre, \u00e0 poser les conditions d\u2019un d\u00e9bat \u00e9clair\u00e9 plut\u00f4t que d\u2019engager de mauvais proc\u00e8s contre les acteurs de terrain qui manquent de moyens pour remplir leur mission. La prison concentre toutes les contradictions de notre soci\u00e9t\u00e9 et celles et ceux qui y \u0153uvrent \u00e0 quelque titre que ce soit ont plus besoin de soutien et de solidarit\u00e9 que de suspicion.<\/p>\n\n\n\n<p>Accompagner les personnes d\u00e9tenues vers le meilleur d\u2019elles-m\u00eames, c\u2019est l\u2019engagement constant de nos aum\u00f4niers, forts de la foi et du respect de chaque personne qui les animent. Nous invitons toutes les femmes et les hommes de bonne volont\u00e9 \u00e0 se mettre \u00e0 l\u2019\u00e9coute de celles et ceux qui vivent cette r\u00e9alit\u00e9 au quotidien \u00e0 un titre ou \u00e0 un autre, pour construire ensemble une r\u00e9flexion partag\u00e9e, et sortir d\u2019une fuite en avant qui met \u00e0 mal la soci\u00e9t\u00e9 tout enti\u00e8re.<\/p>\n\n\n\n<p><strong>Mise en perspective \/ explications sur les activit\u00e9s en d\u00e9tention<\/strong> :<\/p>\n\n\n\n<p>Le Code p\u00e9nitentiaire est tr\u00e8s clair sur la raison d\u2019\u00eatre des activit\u00e9s propos\u00e9es aux personnes en d\u00e9tention. En effet, \u00ab&nbsp;Toute personne d\u00e9tenue condamn\u00e9e est tenue d&rsquo;exercer au moins l&rsquo;une des activit\u00e9s qui lui sont propos\u00e9es par le chef de l&rsquo;\u00e9tablissement p\u00e9nitentiaire et le directeur du service p\u00e9nitentiaire d&rsquo;insertion et de probation d\u00e8s lors qu&rsquo;elle a pour finalit\u00e9 sa r\u00e9insertion\u2026 (Art. L. 411-1 du Code p\u00e9nitentiaire). Un jour ou l\u2019autre, le d\u00e9tenu sortira. Comment la soci\u00e9t\u00e9 l\u2019aura-t-elle aid\u00e9&nbsp;?<\/p>\n\n\n\n<p>C\u2019est pourquoi, en proposant des activit\u00e9s, l\u2019administration p\u00e9nitentiaire ne fait que respecter le droit. \u00abDes activit\u00e9s socioculturelles sont organis\u00e9es dans chaque \u00e9tablissement p\u00e9nitentiaire. Elles ont notamment pour objet de d\u00e9velopper les moyens d&rsquo;expression, les connaissances et les aptitudes des personnes d\u00e9tenues. Le service p\u00e9nitentiaire d&rsquo;insertion et de probation recherche \u00e0 cet effet le concours de personnes intervenantes ext\u00e9rieures auxquelles peut \u00eatre confi\u00e9e l&rsquo;animation de certaines activit\u00e9s. L&#8217;emploi du temps hebdomadaire doit permettre \u00e0 toute personne d\u00e9tenue qui le souhaite de participer \u00e0 ces activit\u00e9s.&nbsp;\u00bb (Art. D. 414-3) Il en va de m\u00eame pour les activit\u00e9s sportives (Art. D. 414-8). Les activit\u00e9s sont donc un droit, participant au bien-\u00eatre et \u00e0 l\u2019occupation structur\u00e9e du temps en d\u00e9tention. D\u2019ailleurs l\u2019acc\u00e8s aux activit\u00e9s peut \u00eatre consid\u00e9r\u00e9 comme un facteur de pr\u00e9vention des troubles psychiques et des violences en d\u00e9tention.<\/p>\n\n\n\n<p>Les activit\u00e9s propos\u00e9es par des associations permettent un pont avec l\u2019ext\u00e9rieur. Mais, avant de pouvoir entrer en d\u00e9tention, ces associations doivent d\u00e9montrer le lien entre leurs activit\u00e9s et la r\u00e9insertion sociale et\/ou la pr\u00e9vention de la r\u00e9cidive. Tout est donc soigneusement contr\u00f4l\u00e9 par l\u2019administration qui doit respecter la l\u00e9gislation. D\u2019ailleurs \u00ab&nbsp;pour l&rsquo;animation d&rsquo;activit\u00e9s par des personnes ext\u00e9rieures, l&rsquo;autorisation est donn\u00e9e par le chef de l&rsquo;\u00e9tablissement p\u00e9nitentiaire.&nbsp;\u00bb (Art. D. 141-4).<\/p>\n\n\n\n<p>Les personnes d\u00e9tenues ont les droits civils, civiques, \u00e9conomiques, sociaux et culturels qui ne leur sont pas express\u00e9ment retir\u00e9s par la loi. Un livret d\u2019accueil leur permet d\u2019\u00eatre inform\u00e9, entre autres, sur les activit\u00e9s (Art. L. 311-1) Il y est fait mention du droit \u00e0 la culture, \u00e0 l\u2019\u00e9ducation, au sport et \u00e0 la spiritualit\u00e9 (d\u2019o\u00f9 les aum\u00f4neries). L\u2019acc\u00e8s aux activit\u00e9s est un droit, non une faveur.<\/p>\n\n\n\n<p>\u00ab&nbsp;R\u00e9tablir le sentiment que la justice est juste, reconstruire la dignit\u00e9 des personnes d\u00e9tenues passerait par une mobilisation, non pas de toute l\u2019administration p\u00e9nitentiaire, mais de toute la soci\u00e9t\u00e9&nbsp;; c\u2019est en effet la soci\u00e9t\u00e9 qui, par l\u2019interm\u00e9diaire de ses repr\u00e9sentants, agit pour rendre digne en r\u00e9int\u00e9grant ses membres dans le cercle des \u00eatres dont la parole compte. Reste \u00e0 savoir plus pr\u00e9cis\u00e9ment quel serait le co\u00fbt \u00e0 payer -par notre soci\u00e9t\u00e9 dans son ensemble et par ses membres consid\u00e9r\u00e9s individuellement- pour r\u00e9tablir des relations interpersonnelles d\u2019une qualit\u00e9 telle qu\u2019elles puissent rendre leur dignit\u00e9 \u00e0 ceux qui en ont \u00e9t\u00e9 priv\u00e9s par leurs conditions d\u2019incarc\u00e9ration.&nbsp;\u00bb (Benjamin Levy in Cynthia Fleury, <em>Clinique de la dignit\u00e9<\/em>, 2023, p. 212)<\/p>\n","protected":false},"excerpt":{"rendered":"<p>Aum\u00f4niers chr\u00e9tiens en prison, nous sommes alarm\u00e9s par le d\u00e9bat lanc\u00e9 contre les activit\u00e9s \u00ab&nbsp;ludiques&nbsp;\u00bb en d\u00e9tention.<\/p>\n","protected":false},"author":5,"featured_media":645,"comment_status":"closed","ping_status":"open","sticky":false,"template":"","format":"standard","meta":[],"categories":[2],"tags":[],"_links":{"self":[{"href":"https:\/\/blog.regardsprotestants.com\/jap\/wp-json\/wp\/v2\/posts\/644"}],"collection":[{"href":"https:\/\/blog.regardsprotestants.com\/jap\/wp-json\/wp\/v2\/posts"}],"about":[{"href":"https:\/\/blog.regardsprotestants.com\/jap\/wp-json\/wp\/v2\/types\/post"}],"author":[{"embeddable":true,"href":"https:\/\/blog.regardsprotestants.com\/jap\/wp-json\/wp\/v2\/users\/5"}],"replies":[{"embeddable":true,"href":"https:\/\/blog.regardsprotestants.com\/jap\/wp-json\/wp\/v2\/comments?post=644"}],"version-history":[{"count":3,"href":"https:\/\/blog.regardsprotestants.com\/jap\/wp-json\/wp\/v2\/posts\/644\/revisions"}],"predecessor-version":[{"id":649,"href":"https:\/\/blog.regardsprotestants.com\/jap\/wp-json\/wp\/v2\/posts\/644\/revisions\/649"}],"wp:featuredmedia":[{"embeddable":true,"href":"https:\/\/blog.regardsprotestants.com\/jap\/wp-json\/wp\/v2\/media\/645"}],"wp:attachment":[{"href":"https:\/\/blog.regardsprotestants.com\/jap\/wp-json\/wp\/v2\/media?parent=644"}],"wp:term":[{"taxonomy":"category","embeddable":true,"href":"https:\/\/blog.regardsprotestants.com\/jap\/wp-json\/wp\/v2\/categories?post=644"},{"taxonomy":"post_tag","embeddable":true,"href":"https:\/\/blog.regardsprotestants.com\/jap\/wp-json\/wp\/v2\/tags?post=644"}],"curies":[{"name":"wp","href":"https:\/\/api.w.org\/{rel}","templated":true}]}}