{"id":875,"date":"2024-12-04T07:00:00","date_gmt":"2024-12-04T06:00:00","guid":{"rendered":"https:\/\/blog.regardsprotestants.com\/blogpop\/?p=875"},"modified":"2024-12-02T11:40:51","modified_gmt":"2024-12-02T10:40:51","slug":"immigration","status":"publish","type":"post","link":"https:\/\/blog.regardsprotestants.com\/blogpop\/immigration\/","title":{"rendered":"Immigration"},"content":{"rendered":"\n<p><strong>L&rsquo;immigration, autrefois per\u00e7ue comme une richesse et une n\u00e9cessit\u00e9 pour reconstruire la France d\u2019apr\u00e8s-guerre, est aujourd\u2019hui souvent pr\u00e9sent\u00e9e comme un probl\u00e8me. Comment en sommes-nous arriv\u00e9s \u00e0 cette vision r\u00e9ductrice et inqui\u00e9tante&nbsp;? Dans cet article, Sylvain Cuzent explore les mutations des discours et des politiques migratoires en France, entre d\u00e9ni des r\u00e9alit\u00e9s et instrumentalisation politique.<\/strong><\/p>\n\n\n\n<p>Alors qu\u2019elle \u00e9tait envisag\u00e9e de fa\u00e7on positive et g\u00e9n\u00e9reuse au lendemain de la seconde guerre mondiale \u00e0 un moment o\u00f9 la France exsangue manquait de bras, l\u2019immigration est devenue peu \u00e0 peu une \u00ab&nbsp;question&nbsp;\u00bb avant d\u2019\u00eatre aujourd\u2019hui qualifi\u00e9e de \u00ab&nbsp;probl\u00e8me&nbsp;\u00bb. Ceux que l\u2019on appelait simplement \u00ab&nbsp;\u00e9trangers&nbsp;\u00bb au cours des ann\u00e9es 50 puis \u00ab&nbsp;travailleurs immigr\u00e9s&nbsp;\u00bb au cours des ann\u00e9es 70 sont devenus des \u00ab&nbsp;immigr\u00e9s&nbsp;\u00bb. Depuis le d\u00e9but des ann\u00e9es 2000, apr\u00e8s que l\u2019\u00e9tude des demandes d\u2019asile soit pass\u00e9e du minist\u00e8re des Affaires \u00e9trang\u00e8res \u00e0 celui de l\u2019int\u00e9rieur, on ne fait plus trop la diff\u00e9rence entre les motifs d\u2019immigration, entre les r\u00e9fugi\u00e9s et les autres. On parle de \u00ab&nbsp;migrants&nbsp;\u00bb terme globalisant qui fait peu de cas de la dimension humaine. C\u2019est pourtant de personnes dont il s\u2019agit&nbsp;! On sait les drames des naufrages en m\u00e9diterran\u00e9e ou dans la Manche. On se souvient des tentatives d\u00e9sesp\u00e9r\u00e9es et durement r\u00e9prim\u00e9es aux portes de l\u2019Europe de personnes fuyant la guerre en Irak et en Syrie en 2015.<\/p>\n\n\n\n<h3>Comment en est-on arriv\u00e9 l\u00e0&nbsp;?<\/h3>\n\n\n\n<p>Alors que la France a \u00e9t\u00e9 traditionnellement une terre de refuge, les discours de rejet dominent aujourd\u2019hui. Comment en est-on arriv\u00e9 l\u00e0&nbsp;? Certes et depuis longtemps, les syndicats ouvriers n\u2019ont jamais vu d\u2019un bon \u0153il l\u2019arriv\u00e9e de travailleurs \u00e9trangers per\u00e7us comme une menace pour les droits et la r\u00e9mun\u00e9ration des salari\u00e9s fran\u00e7ais. Dans sa chanson \u00ab&nbsp;Lily&nbsp;\u00bb, Pierre Perret ironisait sur \u00ab&nbsp;les bateaux pleins d\u2019immigr\u00e9s qui venaient tous de leur plein gr\u00e9 vider les poubelles \u00e0 Paris&nbsp;\u00bb. La gauche qui avait promis le droit de vote des \u00e9trangers en 1981 l\u2019a bien vite oubli\u00e9. Qui se souvient encore de la \u00ab&nbsp;Marche pour l\u2019\u00e9galit\u00e9 de 1983&nbsp;? Ou de la vague de petites mains jaunes au revers du manteau proclamant \u00ab&nbsp;Touche pas \u00e0 mon pote&nbsp;\u00bb&nbsp;? Le ch\u00f4mage est venu brouiller les pistes et les esprits alors que beaucoup de secteurs \u00e9conomiques \u2013 de l\u2019agriculture \u00e0 la sant\u00e9 en passant par les gardes d\u2019enfants et l\u2019aide \u00e0 la personne \u2013 seraient paralys\u00e9s s\u2019il n\u2019y avait pas la \u00ab&nbsp;main-d\u2019\u0153uvre \u00e9trang\u00e8re&nbsp;\u00bb. Mais le sujet parait un si bon argument politicien qu\u2019il serait dommage de s\u2019en passer&nbsp;!<\/p>\n\n\n\n<h3>Mon cadeau pour le ministre de l\u2019Int\u00e9rieur<\/h3>\n\n\n\n<p>29 lois sur l\u2019immigration au cours des 40 derni\u00e8res ann\u00e9es&nbsp;! Et ce n\u2019est pas fini&nbsp;! Le nouveau ministre de l\u2019Int\u00e9rieur annonce le d\u00e9veloppement des OQTF*&nbsp;! Pour des personnes dont le seul \u00ab&nbsp;tort&nbsp;\u00bb est d\u2019\u00eatre d\u00e9sormais \u00ab&nbsp;inutile&nbsp;\u00bb puisque retrait\u00e9es apr\u00e8s parfois plus de 40 ans de travail r\u00e9gulier en France**&nbsp;? L\u2019administration fran\u00e7aise distribue au compte-gouttes des autorisations de s\u00e9jour et laisse parfois des personnes \u00ab&nbsp;ni-ni&nbsp;\u00bb*** pendant des ann\u00e9es. Des autorisations de s\u00e9jour parfois valables une seule ann\u00e9e**** obligeant les personnes \u00e0 d\u2019incessantes d\u00e9marches et r\u00e9duisant d\u2019autant leurs chances d\u2019obtenir un logement ou un emploi stable. J\u2019aurais tr\u00e8s envie d\u2019offrir pour No\u00ebl le dernier livre de Fran\u00e7ois Heran, directeur de l\u2019Institut national d\u2019\u00e9tudes d\u00e9mographiques, \u00ab&nbsp;Le grand d\u00e9ni&nbsp;\u00bb au ministre de l\u2019Int\u00e9rieur. Il pourrait y lire, s\u2019il l\u2019ignore, que non seulement la France ne fait pas face \u00e0 un \u00ab&nbsp;tsunami&nbsp;\u00bb migratoire, mais n\u2019a pas pris sa part dans l\u2019accueil europ\u00e9en de r\u00e9fugi\u00e9s, que l\u2019immigration familiale recule et que la hausse de la population immigr\u00e9e dans notre pays vient d\u2019abord de la migration estudiantine et \u00e9conomique. Bien loin du \u00ab&nbsp;grand remplacement&nbsp;\u00bb&nbsp;!<\/p>\n\n\n\n<p>Sylvain Cuzent,<\/p>\n\n\n\n<p>Pr\u00e9sident de la MPEF<\/p>\n\n\n\n<p>_______________<\/p>\n\n\n\n<p>* OQTF&nbsp;: Obligation de quitter le territoire fran\u00e7ais<\/p>\n\n\n\n<p>**&nbsp;Voir appel de la Cimade pour Bob, congolais \u00e2g\u00e9 de 66 ans et r\u00e9gulier en France depuis l\u2019\u00e2ge de 27 ans, o\u00f9 il a eu des enfants et sous pr\u00e9texte que ces derniers majeurs n\u2019auraient plus besoin de lui&nbsp;!<\/p>\n\n\n\n<p>***&nbsp; Ni expulsable ni r\u00e9gularis\u00e9e&nbsp;! Notamment les parents d\u2019enfants fran\u00e7ais ne peuvent \u00eatre expuls\u00e9s.<\/p>\n","protected":false},"excerpt":{"rendered":"<p>L&rsquo;immigration, autrefois per\u00e7ue comme une richesse et une n\u00e9cessit\u00e9 pour reconstruire la France d\u2019apr\u00e8s-guerre, est aujourd\u2019hui souvent pr\u00e9sent\u00e9e comme un&#8230;<\/p>\n","protected":false},"author":5,"featured_media":876,"comment_status":"closed","ping_status":"open","sticky":false,"template":"","format":"standard","meta":[],"categories":[116],"tags":[80,25,107,63],"acf":[],"yoast_head":"<!-- This site is optimized with the Yoast SEO plugin v19.1 - https:\/\/yoast.com\/wordpress\/plugins\/seo\/ -->\n<title>Immigration - Blog pop<\/title>\n<meta name=\"description\" content=\"L&#039;immigration, autrefois per\u00e7ue comme une richesse et une n\u00e9cessit\u00e9 pour reconstruire la France d\u2019apr\u00e8s-guerre, est aujourd\u2019hui souvent pr\u00e9sent\u00e9e comme un probl\u00e8me. Comment en sommes-nous arriv\u00e9s \u00e0 cette vision r\u00e9ductrice et inqui\u00e9tante ? Dans cet article, Sylvain Cuzent explore les mutations des discours et des politiques migratoires en France, entre d\u00e9ni des r\u00e9alit\u00e9s et instrumentalisation politique.\" \/>\n<meta name=\"robots\" content=\"index, follow, max-snippet:-1, max-image-preview:large, max-video-preview:-1\" \/>\n<link rel=\"canonical\" href=\"https:\/\/blog.regardsprotestants.com\/blogpop\/immigration\/\" \/>\n<meta property=\"og:locale\" content=\"fr_FR\" \/>\n<meta property=\"og:type\" content=\"article\" \/>\n<meta property=\"og:title\" content=\"Immigration - Blog pop\" \/>\n<meta property=\"og:description\" content=\"L&#039;immigration, autrefois per\u00e7ue comme une richesse et une n\u00e9cessit\u00e9 pour reconstruire la France d\u2019apr\u00e8s-guerre, est aujourd\u2019hui souvent pr\u00e9sent\u00e9e comme un probl\u00e8me. Comment en sommes-nous arriv\u00e9s \u00e0 cette vision r\u00e9ductrice et inqui\u00e9tante ? Dans cet article, Sylvain Cuzent explore les mutations des discours et des politiques migratoires en France, entre d\u00e9ni des r\u00e9alit\u00e9s et instrumentalisation politique.\" \/>\n<meta property=\"og:url\" content=\"https:\/\/blog.regardsprotestants.com\/blogpop\/immigration\/\" \/>\n<meta property=\"og:site_name\" content=\"Blog pop\" \/>\n<meta property=\"article:published_time\" content=\"2024-12-04T06:00:00+00:00\" \/>\n<meta property=\"article:modified_time\" content=\"2024-12-02T10:40:51+00:00\" \/>\n<meta property=\"og:image\" content=\"https:\/\/blog.regardsprotestants.com\/blogpop\/wp-content\/uploads\/2024\/12\/Miss-pop-blog-immigration.jpg\" \/>\n\t<meta property=\"og:image:width\" content=\"1650\" \/>\n\t<meta property=\"og:image:height\" content=\"1099\" \/>\n\t<meta property=\"og:image:type\" content=\"image\/jpeg\" \/>\n<meta name=\"twitter:card\" content=\"summary_large_image\" \/>\n<meta name=\"twitter:label1\" content=\"\u00c9crit par\" \/>\n\t<meta name=\"twitter:data1\" content=\"St\u00e9phane Lavignotte\" \/>\n\t<meta name=\"twitter:label2\" content=\"Dur\u00e9e de lecture estim\u00e9e\" \/>\n\t<meta name=\"twitter:data2\" content=\"4 minutes\" \/>\n<script type=\"application\/ld+json\" class=\"yoast-schema-graph\">{\"@context\":\"https:\/\/schema.org\",\"@graph\":[{\"@type\":\"WebSite\",\"@id\":\"https:\/\/blog.regardsprotestants.com\/blogpop\/#website\",\"url\":\"https:\/\/blog.regardsprotestants.com\/blogpop\/\",\"name\":\"Blog pop\",\"description\":\"Le blog pop\",\"potentialAction\":[{\"@type\":\"SearchAction\",\"target\":{\"@type\":\"EntryPoint\",\"urlTemplate\":\"https:\/\/blog.regardsprotestants.com\/blogpop\/?s={search_term_string}\"},\"query-input\":\"required name=search_term_string\"}],\"inLanguage\":\"fr-FR\"},{\"@type\":\"ImageObject\",\"inLanguage\":\"fr-FR\",\"@id\":\"https:\/\/blog.regardsprotestants.com\/blogpop\/immigration\/#primaryimage\",\"url\":\"https:\/\/blog.regardsprotestants.com\/blogpop\/wp-content\/uploads\/2024\/12\/Miss-pop-blog-immigration.jpg\",\"contentUrl\":\"https:\/\/blog.regardsprotestants.com\/blogpop\/wp-content\/uploads\/2024\/12\/Miss-pop-blog-immigration.jpg\",\"width\":1650,\"height\":1099},{\"@type\":\"WebPage\",\"@id\":\"https:\/\/blog.regardsprotestants.com\/blogpop\/immigration\/#webpage\",\"url\":\"https:\/\/blog.regardsprotestants.com\/blogpop\/immigration\/\",\"name\":\"Immigration - Blog pop\",\"isPartOf\":{\"@id\":\"https:\/\/blog.regardsprotestants.com\/blogpop\/#website\"},\"primaryImageOfPage\":{\"@id\":\"https:\/\/blog.regardsprotestants.com\/blogpop\/immigration\/#primaryimage\"},\"datePublished\":\"2024-12-04T06:00:00+00:00\",\"dateModified\":\"2024-12-02T10:40:51+00:00\",\"author\":{\"@id\":\"https:\/\/blog.regardsprotestants.com\/blogpop\/#\/schema\/person\/82a21c9598d6ce2790b37b9bc2c710cb\"},\"description\":\"L'immigration, autrefois per\u00e7ue comme une richesse et une n\u00e9cessit\u00e9 pour reconstruire la France d\u2019apr\u00e8s-guerre, est aujourd\u2019hui souvent pr\u00e9sent\u00e9e comme un probl\u00e8me. Comment en sommes-nous arriv\u00e9s \u00e0 cette vision r\u00e9ductrice et inqui\u00e9tante ? Dans cet article, Sylvain Cuzent explore les mutations des discours et des politiques migratoires en France, entre d\u00e9ni des r\u00e9alit\u00e9s et instrumentalisation politique.\",\"breadcrumb\":{\"@id\":\"https:\/\/blog.regardsprotestants.com\/blogpop\/immigration\/#breadcrumb\"},\"inLanguage\":\"fr-FR\",\"potentialAction\":[{\"@type\":\"ReadAction\",\"target\":[\"https:\/\/blog.regardsprotestants.com\/blogpop\/immigration\/\"]}]},{\"@type\":\"BreadcrumbList\",\"@id\":\"https:\/\/blog.regardsprotestants.com\/blogpop\/immigration\/#breadcrumb\",\"itemListElement\":[{\"@type\":\"ListItem\",\"position\":1,\"name\":\"Accueil\",\"item\":\"https:\/\/blog.regardsprotestants.com\/blogpop\/\"},{\"@type\":\"ListItem\",\"position\":2,\"name\":\"Immigration\"}]},{\"@type\":\"Person\",\"@id\":\"https:\/\/blog.regardsprotestants.com\/blogpop\/#\/schema\/person\/82a21c9598d6ce2790b37b9bc2c710cb\",\"name\":\"St\u00e9phane Lavignotte\"}]}<\/script>\n<!-- \/ Yoast SEO plugin. -->","yoast_head_json":{"title":"Immigration - Blog pop","description":"L'immigration, autrefois per\u00e7ue comme une richesse et une n\u00e9cessit\u00e9 pour reconstruire la France d\u2019apr\u00e8s-guerre, est aujourd\u2019hui souvent pr\u00e9sent\u00e9e comme un probl\u00e8me. Comment en sommes-nous arriv\u00e9s \u00e0 cette vision r\u00e9ductrice et inqui\u00e9tante ? Dans cet article, Sylvain Cuzent explore les mutations des discours et des politiques migratoires en France, entre d\u00e9ni des r\u00e9alit\u00e9s et instrumentalisation politique.","robots":{"index":"index","follow":"follow","max-snippet":"max-snippet:-1","max-image-preview":"max-image-preview:large","max-video-preview":"max-video-preview:-1"},"canonical":"https:\/\/blog.regardsprotestants.com\/blogpop\/immigration\/","og_locale":"fr_FR","og_type":"article","og_title":"Immigration - Blog pop","og_description":"L'immigration, autrefois per\u00e7ue comme une richesse et une n\u00e9cessit\u00e9 pour reconstruire la France d\u2019apr\u00e8s-guerre, est aujourd\u2019hui souvent pr\u00e9sent\u00e9e comme un probl\u00e8me. Comment en sommes-nous arriv\u00e9s \u00e0 cette vision r\u00e9ductrice et inqui\u00e9tante ? Dans cet article, Sylvain Cuzent explore les mutations des discours et des politiques migratoires en France, entre d\u00e9ni des r\u00e9alit\u00e9s et instrumentalisation politique.","og_url":"https:\/\/blog.regardsprotestants.com\/blogpop\/immigration\/","og_site_name":"Blog pop","article_published_time":"2024-12-04T06:00:00+00:00","article_modified_time":"2024-12-02T10:40:51+00:00","og_image":[{"width":1650,"height":1099,"url":"https:\/\/blog.regardsprotestants.com\/blogpop\/wp-content\/uploads\/2024\/12\/Miss-pop-blog-immigration.jpg","type":"image\/jpeg"}],"twitter_card":"summary_large_image","twitter_misc":{"\u00c9crit par":"St\u00e9phane Lavignotte","Dur\u00e9e de lecture estim\u00e9e":"4 minutes"},"schema":{"@context":"https:\/\/schema.org","@graph":[{"@type":"WebSite","@id":"https:\/\/blog.regardsprotestants.com\/blogpop\/#website","url":"https:\/\/blog.regardsprotestants.com\/blogpop\/","name":"Blog pop","description":"Le blog pop","potentialAction":[{"@type":"SearchAction","target":{"@type":"EntryPoint","urlTemplate":"https:\/\/blog.regardsprotestants.com\/blogpop\/?s={search_term_string}"},"query-input":"required name=search_term_string"}],"inLanguage":"fr-FR"},{"@type":"ImageObject","inLanguage":"fr-FR","@id":"https:\/\/blog.regardsprotestants.com\/blogpop\/immigration\/#primaryimage","url":"https:\/\/blog.regardsprotestants.com\/blogpop\/wp-content\/uploads\/2024\/12\/Miss-pop-blog-immigration.jpg","contentUrl":"https:\/\/blog.regardsprotestants.com\/blogpop\/wp-content\/uploads\/2024\/12\/Miss-pop-blog-immigration.jpg","width":1650,"height":1099},{"@type":"WebPage","@id":"https:\/\/blog.regardsprotestants.com\/blogpop\/immigration\/#webpage","url":"https:\/\/blog.regardsprotestants.com\/blogpop\/immigration\/","name":"Immigration - Blog pop","isPartOf":{"@id":"https:\/\/blog.regardsprotestants.com\/blogpop\/#website"},"primaryImageOfPage":{"@id":"https:\/\/blog.regardsprotestants.com\/blogpop\/immigration\/#primaryimage"},"datePublished":"2024-12-04T06:00:00+00:00","dateModified":"2024-12-02T10:40:51+00:00","author":{"@id":"https:\/\/blog.regardsprotestants.com\/blogpop\/#\/schema\/person\/82a21c9598d6ce2790b37b9bc2c710cb"},"description":"L'immigration, autrefois per\u00e7ue comme une richesse et une n\u00e9cessit\u00e9 pour reconstruire la France d\u2019apr\u00e8s-guerre, est aujourd\u2019hui souvent pr\u00e9sent\u00e9e comme un probl\u00e8me. Comment en sommes-nous arriv\u00e9s \u00e0 cette vision r\u00e9ductrice et inqui\u00e9tante ? Dans cet article, Sylvain Cuzent explore les mutations des discours et des politiques migratoires en France, entre d\u00e9ni des r\u00e9alit\u00e9s et instrumentalisation politique.","breadcrumb":{"@id":"https:\/\/blog.regardsprotestants.com\/blogpop\/immigration\/#breadcrumb"},"inLanguage":"fr-FR","potentialAction":[{"@type":"ReadAction","target":["https:\/\/blog.regardsprotestants.com\/blogpop\/immigration\/"]}]},{"@type":"BreadcrumbList","@id":"https:\/\/blog.regardsprotestants.com\/blogpop\/immigration\/#breadcrumb","itemListElement":[{"@type":"ListItem","position":1,"name":"Accueil","item":"https:\/\/blog.regardsprotestants.com\/blogpop\/"},{"@type":"ListItem","position":2,"name":"Immigration"}]},{"@type":"Person","@id":"https:\/\/blog.regardsprotestants.com\/blogpop\/#\/schema\/person\/82a21c9598d6ce2790b37b9bc2c710cb","name":"St\u00e9phane Lavignotte"}]}},"post_mailing_queue_ids":[],"_links":{"self":[{"href":"https:\/\/blog.regardsprotestants.com\/blogpop\/wp-json\/wp\/v2\/posts\/875"}],"collection":[{"href":"https:\/\/blog.regardsprotestants.com\/blogpop\/wp-json\/wp\/v2\/posts"}],"about":[{"href":"https:\/\/blog.regardsprotestants.com\/blogpop\/wp-json\/wp\/v2\/types\/post"}],"author":[{"embeddable":true,"href":"https:\/\/blog.regardsprotestants.com\/blogpop\/wp-json\/wp\/v2\/users\/5"}],"replies":[{"embeddable":true,"href":"https:\/\/blog.regardsprotestants.com\/blogpop\/wp-json\/wp\/v2\/comments?post=875"}],"version-history":[{"count":1,"href":"https:\/\/blog.regardsprotestants.com\/blogpop\/wp-json\/wp\/v2\/posts\/875\/revisions"}],"predecessor-version":[{"id":877,"href":"https:\/\/blog.regardsprotestants.com\/blogpop\/wp-json\/wp\/v2\/posts\/875\/revisions\/877"}],"wp:featuredmedia":[{"embeddable":true,"href":"https:\/\/blog.regardsprotestants.com\/blogpop\/wp-json\/wp\/v2\/media\/876"}],"wp:attachment":[{"href":"https:\/\/blog.regardsprotestants.com\/blogpop\/wp-json\/wp\/v2\/media?parent=875"}],"wp:term":[{"taxonomy":"category","embeddable":true,"href":"https:\/\/blog.regardsprotestants.com\/blogpop\/wp-json\/wp\/v2\/categories?post=875"},{"taxonomy":"post_tag","embeddable":true,"href":"https:\/\/blog.regardsprotestants.com\/blogpop\/wp-json\/wp\/v2\/tags?post=875"}],"curies":[{"name":"wp","href":"https:\/\/api.w.org\/{rel}","templated":true}]}}