{"id":532,"date":"2021-02-22T09:44:17","date_gmt":"2021-02-22T08:44:17","guid":{"rendered":"https:\/\/blog.regardsprotestants.com\/blogpop\/?p=532"},"modified":"2021-02-22T09:44:17","modified_gmt":"2021-02-22T08:44:17","slug":"bonne-nouvelle-contre-fake-news","status":"publish","type":"post","link":"https:\/\/blog.regardsprotestants.com\/blogpop\/bonne-nouvelle-contre-fake-news\/","title":{"rendered":"Bonne Nouvelle contre \u00ab fake news \u00bb"},"content":{"rendered":"\n<p><strong>Christophe Verrey, pasteur du Foyer de Grenelle, propose un d\u00e9tour par le temps de J\u00e9sus pour comprendre les fake news aujourd&rsquo;hui.<\/strong><\/p>\n\n\n\n<!--more-->\n\n\n\n<p>Nous ne sommes pas touch\u00e9s, actuellement, par des \u00ab\u00a0fake news\u00a0\u00bb, \u00e0 la Miss\u2019Pop. Du moins, pas dans notre image de marque, pas dans notre rayonnement, ni dans le quartier, ni \u00e0 Paris, ni en France, ni dans le monde entier. Si l\u2019on peut se demander si nous sommes suffisamment connus, ce que nous demandent nos autorit\u00e9s de tutelle, on ne peut pas se lamenter sur notre mauvaise r\u00e9putation, et c\u2019est heureux\u00a0! Personne ne nous en veut au point de vouloir l\u2019entacher pour une raison ou une autre\u00a0! Par contre, les \u00ab\u00a0fake news\u00a0\u00bb sont un nouveau danger lorsque les r\u00e9seaux sociaux s\u2019en emparent. Elles peuvent \u00eatre redoutable.<\/p>\n\n\n\n<p>Mais savez-vous que J\u00e9sus, lui, a \u00e9t\u00e9 victime en son temps, d\u00e9j\u00e0, de ce genre de \u00ab\u00a0fake news\u00a0\u00bb ?<\/p>\n\n\n\n<p><em><strong>Matthieu 9 v 27 \u00e0 34<\/strong><\/em> met en sc\u00e8ne des Pharisiens qui, voyant J\u00e9sus soigner des aveugles et chasser un d\u00e9mon, et plus encore la foule qui s\u2019\u00e9merveille, lancent imm\u00e9diatement : <em>\u00ab&nbsp;C\u2019est par le chef des d\u00e9mons qu\u2019il chasse les d\u00e9mons.&nbsp;\u00bb <\/em>\u00ab\u00a0Fake news\u00a0\u00bb&nbsp;!&nbsp;<\/p>\n\n\n\n<p>Lorsque <strong>J\u00e9sus<\/strong> parcourait les routes de Palestine, ce n\u2019\u00e9tait pas un simple rabbi entour\u00e9 de ses disciples, qui allait de village en village apporter ses commentaires de la Torah. Sa pr\u00e9dication annon\u00e7ait bien autre chose : <em>\u00abil y proclamait la Bonne Nouvelle venant de Dieu\u00a0:\u00a0le Royaume de Dieu s\u2019est approch\u00e9\u00a0!\u00a0\u00bb <\/em>(Marc 1 v 14-15). Il \u00e9tait donc reconnu par les foules comme un proph\u00e8te.<\/p>\n\n\n\n<h3>Lutte d&rsquo;influence<\/h3>\n\n\n\n<p><strong>Les Pharisiens<\/strong> s\u2019en trouvent disqualifi\u00e9s comme porteurs d\u2019esp\u00e9rance, ils voient le peuple tomber sous l\u2019influence de J\u00e9sus, qui en appelle \u00e0 leur confiance. Alors ils veulent allumer un contre-feu. Dans un autre \u00e9vangile, celui de Marc, J\u00e9sus r\u00e9pond&nbsp;\u00e0 cette m\u00eame accusation : <em>\u00ab&nbsp;Comment Satan peut-il se chasser lui-m\u00eame ?&nbsp;\u00bb&nbsp;<\/em>(Marc 3 v 23) en mettant en lumi\u00e8re leur absence de logique. Mais cela ne suffit pas pour les en convaincre. Ils n\u2019ont pas la foi, pas confiance en lui, qu\u2019ils consid\u00e8rent non comme le Messie&nbsp;mais comme un faux proph\u00e8te !<\/p>\n\n\n\n<p>En somme, il faisait tout simplement une campagne \u00e9lectorale autour de sa personne. Il cherchait \u00e0 influencer le peuple. En leur disant :<em> \u00ab venez \u00e0 moi \u00bb.<\/em><\/p>\n\n\n\n<p>Tout en tenant un discours tr\u00e8s lib\u00e9ral : <em>\u00ab Aimez-vous les uns les autres\u00a0\u00bb <\/em>face \u00e0 un discours conservateur :<em> \u00ab Ob\u00e9issez \u00e0 la loi de Mo\u00efse\u00a0\u00bb. <\/em>Pas \u00e9tonnant que les autorit\u00e9s de l\u2019\u00e9poque s\u2019en inqui\u00e8tent et que les pharisiens, eux-m\u00eames tr\u00e8s pros\u00e9lytes, le consid\u00e8rent comme un adversaire redoutable contre leur popularit\u00e9 et cherchent \u00e0 toute force \u00e0 le discr\u00e9diter aux yeux du public.<\/p>\n\n\n\n<p>Pour eux, la parade \u00e9tait toute trouv\u00e9e. Car quoi de plus simple pour s\u2019en d\u00e9barrasser que de le traiter de faux proph\u00e8te\u00a0? Puisque le Deut\u00e9ronome permettait dans ces cas-l\u00e0 de le faire condamner<em> : \u00ab Si un proph\u00e8te a l\u2019audace de prononcer en mon nom un message que je ne lui ai pas communiqu\u00e9, ou s\u2019il parle au nom d\u2019autres divinit\u00e9s, il devra \u00eatre mis \u00e0 mort. \u00bb <\/em>(Deut\u00e9ronome 18 v 20). M\u00e9thode famili\u00e8re aux agitateurs de tout bord, ils propagent une fausse information, selon laquelle J\u00e9sus n\u2019agit pas comme fils de Dieu, mais comme divinit\u00e9 inf\u00e9rieure, le chef des d\u00e9mons\u2026 C\u2019est de la contre-propagande, pour lutter contre l\u2019influence grandissante de J\u00e9sus, que la foule commence \u00e0 reconnaitre comme Messie, en lui donnant ce titre de\u00a0: <em>\u00ab\u00a0Fils de David\u00a0\u00bb <\/em>et en disant\u00a0: <em>\u00ab\u00a0Jamais rien de tel ne s\u2019est vu en Isra\u00ebl\u00a0!\u00a0\u00bb<\/em> Gu\u00e9rir des aveugles et chasser un d\u00e9mon sont aussi des signes de la fin des temps, que le peuple esp\u00e9rait avec l\u2019arriv\u00e9e providentielle du Messie, sauveur du peuple.<\/p>\n\n\n\n<p><strong>La foule,<\/strong> partag\u00e9e entre les Pharisiens qui ont \u00e9tabli une pi\u00e9t\u00e9 rigoureuse et r\u00e9tabli un juda\u00efsme fort depuis la p\u00e9riode de l\u2019exil \u00e0 Babylone, et le nouvel arrivant qui leur donne toutes raisons d\u2019esp\u00e9rer voir en lui le Messie, ne sait plus o\u00f9 aller, <em>\u00ab\u00a0comme un troupeau sans berger\u00a0\u00bb.<\/em> Ce que l\u2019on n\u2019appelait pas encore les \u00ab\u00a0fake news\u00a0\u00bb ont fait leur \u0153uvre !<\/p>\n\n\n\n<h3>Une recherche d&rsquo;explication<\/h3>\n\n\n\n<p>A l\u2019origine, <strong>les \u00ab\u00a0fake news\u00a0\u00bb<\/strong> \u00e9taient plut\u00f4t des blagues, des d\u00e9tournements humoristiques de l\u2019information. Aujourd\u2019hui, avec des exemples qui viennent de haut et peut-\u00eatre aussi certaines volont\u00e9s de d\u00e9sinformation (mais je verse dans le complotisme, attention !) le mensonge s\u2019invite sans crainte sur Internet ! C\u2019est pas nouveau : pendant la derni\u00e8re guerre, l\u2019intoxication a \u00e9t\u00e9 monnaie courante dans le renseignement. Selon plusieurs m\u00e9thodes : diffuser par tracts ou \u00e0 la radio des informations fausses (par exemple une grande offensive allemande victorieuse alors que l\u2019arm\u00e9e est en pleine d\u00e9b\u00e2cl\u00e9) ou bien une avalanche d\u2019informations de toutes sortes, pour \u00ab noyer le poisson \u00bb &#8230; Ou plus personne ne peut trier le vrai du faux.<\/p>\n\n\n\n<p>\u00c0 notre \u00e9poque, o\u00f9 chacun re\u00e7oit via Internet une avalanche d\u2019informations impossibles \u00e0 v\u00e9rifier toutes, les \u00ab\u00a0fake news\u00a0\u00bb donnent naissance au <strong>complotisme<\/strong>. C\u2019est la m\u00e9fiance vis-\u00e0-vis des informations, venues de media pas toujours ind\u00e9pendants il est vrai, qui en est la cause. D\u2019apr\u00e8s Alexis Jenni, dans La Croix Hebdo, \u00ab dans un monde assez inqui\u00e9tant parce que l\u2019on sent bien qu\u2019il nous \u00e9chappe, on veut \u00e0 tout prix ne pas \u00eatre dupe, on cherche une volont\u00e9, une causalit\u00e9, toutes choses connues que l\u2019on voudrait appliquer \u00e0 la marche du monde. On voudrait un peu de bon sens. Le complotisme est la tentative d\u00e9sesp\u00e9r\u00e9e de l\u2019individu pour se ressaisir de son destin, et de cr\u00e9er une communaut\u00e9 d\u2019avertis \u00bb.<\/p>\n\n\n\n<p><strong>\u00c0 son d\u00e9part<\/strong> J\u00e9sus n\u2019enverra pourtant pas ses sympathisants prendre d\u2019assaut le Capitole de l\u2019\u00e9quipe, palais d\u2019H\u00e9rode ou du gouverneur romain\u00a0! Parce que son royaume <em>\u00ab n\u2019est pas de ce monde\u00a0\u00bb <\/em>(Jean 18 v 36<em>).<\/em> Il se laissera crucifier puis mourir. Et sa R\u00e9surrection sera le point de d\u00e9part de la Bonne Nouvelle, base de la pr\u00e9dication chr\u00e9tienne, contre laquelle les pharisiens lanceront encore des \u00ab\u00a0fake news\u00a0\u00bb. Ainsi Matthieu 28\u00a0v 12 \u00e0 15\u00a0: <em>\u00ab\u00a0Les chefs des pr\u00eatres se r\u00e9unirent avec les anciens\u00a0: apr\u00e8s s\u2019\u00eatre mis d\u2019accord, ils donn\u00e8rent une forte somme d\u2019argent aux soldats et leur dirent\u00a0: \u00ab\u00a0Vous d\u00e9clarerez que les disciples de cet homme sont venus voler son corps durant la nuit, pendant que vous dormiez. Et si le gouverneur l\u2019apprend, nous saurons le convaincre et vous \u00e9viter toute difficult\u00e9\u00a0\u00bb Les gardes prirent l\u2019argent et agirent conform\u00e9ment aux instructions re\u00e7ues. Ainsi, cette histoire s\u2019est r\u00e9pandue parmi les Juifs jusqu\u2019\u00e0 ce jour\u00a0\u00bb.<\/em><\/p>\n\n\n\n<p>Prenons donc garde, en \u00e9coutant trop des informations sans filtre, \u00e0 ne pas nous laisser nous aussi aller au complotisme, surtout lorsqu\u2019il s\u2019agit d\u2019enjeux politiques ou de soci\u00e9t\u00e9&nbsp;! Inutile, bien s\u00fbr, de vous exhorter \u00e0 ne pas en r\u00e9pandre vous-m\u00eames, m\u00eame par inadvertance\u2026 Mais je sais que vous \u00eates des gens prudents, n\u2019est-ce pas&nbsp;?<\/p>\n\n\n\n<p><strong>Christophe Verrey est \u00e9quipier-pasteur de la Fraternit\u00e9 du Foyer de Grenelle (Paris 15e)<\/strong><\/p>\n\n\n\n<p><strong><em>D\u00e9couvrez la Mission populaire \u00e9vang\u00e9lique gr\u00e2ce \u00e0\u00a0<\/em><\/strong><a rel=\"noreferrer noopener\" href=\"https:\/\/missionpopulaire.org\/\" target=\"_blank\"><strong><em>son site internet<\/em><\/strong><\/a><strong><em>\u00a0et ses derni\u00e8res actualit\u00e9s \u2013 en particulier de la vie dans les Fraternit\u00e9s \u2013 en visitant\u00a0<\/em><\/strong><a rel=\"noreferrer noopener\" href=\"https:\/\/www.facebook.com\/MissionPopulaire\/\" target=\"_blank\"><strong><em>sa page Facebook<\/em><\/strong><\/a><strong><em>.<\/em><\/strong><\/p>\n","protected":false},"excerpt":{"rendered":"<p>Christophe Verrey, pasteur du Foyer de Grenelle, propose un d\u00e9tour par le temps de J\u00e9sus pour comprendre les fake news&#8230;<\/p>\n","protected":false},"author":5,"featured_media":533,"comment_status":"closed","ping_status":"open","sticky":false,"template":"","format":"standard","meta":[],"categories":[7],"tags":[],"acf":[],"yoast_head":"<!-- This site is optimized with the Yoast SEO plugin v19.1 - https:\/\/yoast.com\/wordpress\/plugins\/seo\/ -->\n<title>Bonne Nouvelle contre \u00ab fake news \u00bb - Blog pop<\/title>\n<meta name=\"robots\" content=\"index, follow, max-snippet:-1, max-image-preview:large, max-video-preview:-1\" \/>\n<link rel=\"canonical\" href=\"https:\/\/blog.regardsprotestants.com\/blogpop\/bonne-nouvelle-contre-fake-news\/\" \/>\n<meta property=\"og:locale\" content=\"fr_FR\" \/>\n<meta property=\"og:type\" content=\"article\" \/>\n<meta property=\"og:title\" content=\"Bonne Nouvelle contre \u00ab fake news \u00bb - Blog pop\" \/>\n<meta property=\"og:description\" content=\"Christophe Verrey, pasteur du Foyer de Grenelle, propose un d\u00e9tour par le temps de J\u00e9sus pour comprendre les fake news...\" \/>\n<meta property=\"og:url\" content=\"https:\/\/blog.regardsprotestants.com\/blogpop\/bonne-nouvelle-contre-fake-news\/\" \/>\n<meta property=\"og:site_name\" content=\"Blog pop\" \/>\n<meta property=\"article:published_time\" content=\"2021-02-22T08:44:17+00:00\" \/>\n<meta property=\"og:image\" content=\"https:\/\/blog.regardsprotestants.com\/blogpop\/wp-content\/uploads\/2021\/02\/revolution-ne-sera-pas-televisee.jpg\" \/>\n\t<meta property=\"og:image:width\" content=\"512\" \/>\n\t<meta property=\"og:image:height\" content=\"358\" \/>\n\t<meta property=\"og:image:type\" content=\"image\/jpeg\" \/>\n<meta name=\"twitter:card\" content=\"summary_large_image\" \/>\n<meta name=\"twitter:label1\" content=\"\u00c9crit par\" \/>\n\t<meta name=\"twitter:data1\" content=\"St\u00e9phane Lavignotte\" \/>\n\t<meta name=\"twitter:label2\" content=\"Dur\u00e9e de lecture estim\u00e9e\" \/>\n\t<meta name=\"twitter:data2\" content=\"6 minutes\" \/>\n<script type=\"application\/ld+json\" class=\"yoast-schema-graph\">{\"@context\":\"https:\/\/schema.org\",\"@graph\":[{\"@type\":\"WebSite\",\"@id\":\"https:\/\/blog.regardsprotestants.com\/blogpop\/#website\",\"url\":\"https:\/\/blog.regardsprotestants.com\/blogpop\/\",\"name\":\"Blog pop\",\"description\":\"Le blog pop\",\"potentialAction\":[{\"@type\":\"SearchAction\",\"target\":{\"@type\":\"EntryPoint\",\"urlTemplate\":\"https:\/\/blog.regardsprotestants.com\/blogpop\/?s={search_term_string}\"},\"query-input\":\"required name=search_term_string\"}],\"inLanguage\":\"fr-FR\"},{\"@type\":\"ImageObject\",\"inLanguage\":\"fr-FR\",\"@id\":\"https:\/\/blog.regardsprotestants.com\/blogpop\/bonne-nouvelle-contre-fake-news\/#primaryimage\",\"url\":\"https:\/\/blog.regardsprotestants.com\/blogpop\/wp-content\/uploads\/2021\/02\/revolution-ne-sera-pas-televisee.jpg\",\"contentUrl\":\"https:\/\/blog.regardsprotestants.com\/blogpop\/wp-content\/uploads\/2021\/02\/revolution-ne-sera-pas-televisee.jpg\",\"width\":512,\"height\":358},{\"@type\":\"WebPage\",\"@id\":\"https:\/\/blog.regardsprotestants.com\/blogpop\/bonne-nouvelle-contre-fake-news\/#webpage\",\"url\":\"https:\/\/blog.regardsprotestants.com\/blogpop\/bonne-nouvelle-contre-fake-news\/\",\"name\":\"Bonne Nouvelle contre \u00ab fake news \u00bb - Blog pop\",\"isPartOf\":{\"@id\":\"https:\/\/blog.regardsprotestants.com\/blogpop\/#website\"},\"primaryImageOfPage\":{\"@id\":\"https:\/\/blog.regardsprotestants.com\/blogpop\/bonne-nouvelle-contre-fake-news\/#primaryimage\"},\"datePublished\":\"2021-02-22T08:44:17+00:00\",\"dateModified\":\"2021-02-22T08:44:17+00:00\",\"author\":{\"@id\":\"https:\/\/blog.regardsprotestants.com\/blogpop\/#\/schema\/person\/82a21c9598d6ce2790b37b9bc2c710cb\"},\"breadcrumb\":{\"@id\":\"https:\/\/blog.regardsprotestants.com\/blogpop\/bonne-nouvelle-contre-fake-news\/#breadcrumb\"},\"inLanguage\":\"fr-FR\",\"potentialAction\":[{\"@type\":\"ReadAction\",\"target\":[\"https:\/\/blog.regardsprotestants.com\/blogpop\/bonne-nouvelle-contre-fake-news\/\"]}]},{\"@type\":\"BreadcrumbList\",\"@id\":\"https:\/\/blog.regardsprotestants.com\/blogpop\/bonne-nouvelle-contre-fake-news\/#breadcrumb\",\"itemListElement\":[{\"@type\":\"ListItem\",\"position\":1,\"name\":\"Accueil\",\"item\":\"https:\/\/blog.regardsprotestants.com\/blogpop\/\"},{\"@type\":\"ListItem\",\"position\":2,\"name\":\"Bonne Nouvelle contre \u00ab fake news \u00bb\"}]},{\"@type\":\"Person\",\"@id\":\"https:\/\/blog.regardsprotestants.com\/blogpop\/#\/schema\/person\/82a21c9598d6ce2790b37b9bc2c710cb\",\"name\":\"St\u00e9phane Lavignotte\"}]}<\/script>\n<!-- \/ Yoast SEO plugin. -->","yoast_head_json":{"title":"Bonne Nouvelle contre \u00ab fake news \u00bb - Blog pop","robots":{"index":"index","follow":"follow","max-snippet":"max-snippet:-1","max-image-preview":"max-image-preview:large","max-video-preview":"max-video-preview:-1"},"canonical":"https:\/\/blog.regardsprotestants.com\/blogpop\/bonne-nouvelle-contre-fake-news\/","og_locale":"fr_FR","og_type":"article","og_title":"Bonne Nouvelle contre \u00ab fake news \u00bb - Blog pop","og_description":"Christophe Verrey, pasteur du Foyer de Grenelle, propose un d\u00e9tour par le temps de J\u00e9sus pour comprendre les fake news...","og_url":"https:\/\/blog.regardsprotestants.com\/blogpop\/bonne-nouvelle-contre-fake-news\/","og_site_name":"Blog pop","article_published_time":"2021-02-22T08:44:17+00:00","og_image":[{"width":512,"height":358,"url":"https:\/\/blog.regardsprotestants.com\/blogpop\/wp-content\/uploads\/2021\/02\/revolution-ne-sera-pas-televisee.jpg","type":"image\/jpeg"}],"twitter_card":"summary_large_image","twitter_misc":{"\u00c9crit par":"St\u00e9phane Lavignotte","Dur\u00e9e de lecture estim\u00e9e":"6 minutes"},"schema":{"@context":"https:\/\/schema.org","@graph":[{"@type":"WebSite","@id":"https:\/\/blog.regardsprotestants.com\/blogpop\/#website","url":"https:\/\/blog.regardsprotestants.com\/blogpop\/","name":"Blog pop","description":"Le blog pop","potentialAction":[{"@type":"SearchAction","target":{"@type":"EntryPoint","urlTemplate":"https:\/\/blog.regardsprotestants.com\/blogpop\/?s={search_term_string}"},"query-input":"required name=search_term_string"}],"inLanguage":"fr-FR"},{"@type":"ImageObject","inLanguage":"fr-FR","@id":"https:\/\/blog.regardsprotestants.com\/blogpop\/bonne-nouvelle-contre-fake-news\/#primaryimage","url":"https:\/\/blog.regardsprotestants.com\/blogpop\/wp-content\/uploads\/2021\/02\/revolution-ne-sera-pas-televisee.jpg","contentUrl":"https:\/\/blog.regardsprotestants.com\/blogpop\/wp-content\/uploads\/2021\/02\/revolution-ne-sera-pas-televisee.jpg","width":512,"height":358},{"@type":"WebPage","@id":"https:\/\/blog.regardsprotestants.com\/blogpop\/bonne-nouvelle-contre-fake-news\/#webpage","url":"https:\/\/blog.regardsprotestants.com\/blogpop\/bonne-nouvelle-contre-fake-news\/","name":"Bonne Nouvelle contre \u00ab fake news \u00bb - Blog pop","isPartOf":{"@id":"https:\/\/blog.regardsprotestants.com\/blogpop\/#website"},"primaryImageOfPage":{"@id":"https:\/\/blog.regardsprotestants.com\/blogpop\/bonne-nouvelle-contre-fake-news\/#primaryimage"},"datePublished":"2021-02-22T08:44:17+00:00","dateModified":"2021-02-22T08:44:17+00:00","author":{"@id":"https:\/\/blog.regardsprotestants.com\/blogpop\/#\/schema\/person\/82a21c9598d6ce2790b37b9bc2c710cb"},"breadcrumb":{"@id":"https:\/\/blog.regardsprotestants.com\/blogpop\/bonne-nouvelle-contre-fake-news\/#breadcrumb"},"inLanguage":"fr-FR","potentialAction":[{"@type":"ReadAction","target":["https:\/\/blog.regardsprotestants.com\/blogpop\/bonne-nouvelle-contre-fake-news\/"]}]},{"@type":"BreadcrumbList","@id":"https:\/\/blog.regardsprotestants.com\/blogpop\/bonne-nouvelle-contre-fake-news\/#breadcrumb","itemListElement":[{"@type":"ListItem","position":1,"name":"Accueil","item":"https:\/\/blog.regardsprotestants.com\/blogpop\/"},{"@type":"ListItem","position":2,"name":"Bonne Nouvelle contre \u00ab fake news \u00bb"}]},{"@type":"Person","@id":"https:\/\/blog.regardsprotestants.com\/blogpop\/#\/schema\/person\/82a21c9598d6ce2790b37b9bc2c710cb","name":"St\u00e9phane Lavignotte"}]}},"post_mailing_queue_ids":[],"_links":{"self":[{"href":"https:\/\/blog.regardsprotestants.com\/blogpop\/wp-json\/wp\/v2\/posts\/532"}],"collection":[{"href":"https:\/\/blog.regardsprotestants.com\/blogpop\/wp-json\/wp\/v2\/posts"}],"about":[{"href":"https:\/\/blog.regardsprotestants.com\/blogpop\/wp-json\/wp\/v2\/types\/post"}],"author":[{"embeddable":true,"href":"https:\/\/blog.regardsprotestants.com\/blogpop\/wp-json\/wp\/v2\/users\/5"}],"replies":[{"embeddable":true,"href":"https:\/\/blog.regardsprotestants.com\/blogpop\/wp-json\/wp\/v2\/comments?post=532"}],"version-history":[{"count":1,"href":"https:\/\/blog.regardsprotestants.com\/blogpop\/wp-json\/wp\/v2\/posts\/532\/revisions"}],"predecessor-version":[{"id":534,"href":"https:\/\/blog.regardsprotestants.com\/blogpop\/wp-json\/wp\/v2\/posts\/532\/revisions\/534"}],"wp:featuredmedia":[{"embeddable":true,"href":"https:\/\/blog.regardsprotestants.com\/blogpop\/wp-json\/wp\/v2\/media\/533"}],"wp:attachment":[{"href":"https:\/\/blog.regardsprotestants.com\/blogpop\/wp-json\/wp\/v2\/media?parent=532"}],"wp:term":[{"taxonomy":"category","embeddable":true,"href":"https:\/\/blog.regardsprotestants.com\/blogpop\/wp-json\/wp\/v2\/categories?post=532"},{"taxonomy":"post_tag","embeddable":true,"href":"https:\/\/blog.regardsprotestants.com\/blogpop\/wp-json\/wp\/v2\/tags?post=532"}],"curies":[{"name":"wp","href":"https:\/\/api.w.org\/{rel}","templated":true}]}}