{"id":515,"date":"2021-01-25T14:42:37","date_gmt":"2021-01-25T13:42:37","guid":{"rendered":"https:\/\/blog.regardsprotestants.com\/blogpop\/?p=515"},"modified":"2021-01-27T07:25:32","modified_gmt":"2021-01-27T06:25:32","slug":"liberte-liberte-cherie","status":"publish","type":"post","link":"https:\/\/blog.regardsprotestants.com\/blogpop\/liberte-liberte-cherie\/","title":{"rendered":"Libert\u00e9, libert\u00e9, ch\u00e9rie !"},"content":{"rendered":"\n<p><strong>Le COVID r\u00e9duit notre libert\u00e9&#8230; et pendant ce temps l\u00e0, un projet de loi met \u00e0 mal la libert\u00e9 des associations s&rsquo;inqui\u00e8te Sophie Simon-Clouzet, secr\u00e9taire-g\u00e9n\u00e9rale de la Mission populaire \u00e9vang\u00e9lique.<\/strong><\/p>\n\n\n\n<!--more-->\n\n\n\n<p>Deux sujets m\u2019occupent et me pr\u00e9occupent en ce moment&nbsp;: le \u00ab Projet de loi confortant le respect des principes de la R\u00e9publique \u00bb et le Covid. A premi\u00e8re vue, ces deux actualit\u00e9s n\u2019ont rien \u00e0 voir. Et pourtant elles questionnent toutes les deux un \u00e9l\u00e9ment central qui nous semblait acquis : la libert\u00e9.<\/p>\n\n\n\n<p>Les restrictions sociales li\u00e9es au COVID ont mis \u00e0 mal notre libert\u00e9, entre le port du masque obligatoire partout, la fermeture des lieux dit \u00ab&nbsp;non essentiels&nbsp;\u00bb et le couvre-feu. M\u00eame pendant la deuxi\u00e8me guerre mondiale, les caf\u00e9s et les salles de spectacles n\u2019avaient pas \u00e9t\u00e9 ferm\u00e9s. Les cin\u00e9mas faisaient salles combles car les gens avaient besoin d\u2019oublier le quotidien anxiog\u00e8ne dans lequel ils vivaient, de danser, chanter, essayer d\u2019oublier. Et nous&nbsp;? Nous sommes seulement autoris\u00e9s \u00e0 errer, les lunettes embu\u00e9es, dans les rayons des hypermarch\u00e9s. Tout ce qui nous faisait r\u00eaver, rire, se rencontrer a disparu. <\/p>\n\n\n\n<h3><strong>Ce qui nous manque<\/strong>&#8230;<\/h3>\n\n\n\n<p>Alors comme dans tous lieux culturels, \u00e0 la Maison Ouverte tout est en suspens. Je m\u2019y \u00e9tais rendue juste avant le premier confinement, un soir d\u2019hiver pluvieux. Au coin d\u2019une rue d\u00e9serte, une porte ouverte d\u2019o\u00f9 s\u2019\u00e9chappaient des voix, des rires, un peu de musique&nbsp;; des gens allaient et venaient un verre \u00e0 la main. Comme dans une f\u00eate. L\u2019ambiance \u00e9tait tr\u00e8s chaleureuse, il y avait beaucoup de monde. La salle du bar \u00e9tait surchauff\u00e9e. Dans la grande salle, une conf\u00e9rence sur un groupe de migrants climatiques qui fait une marche non-violente pour la justice climatique. Le pasteur et coordinateur de la Frat, St\u00e9phane Lavignotte, s\u2019affairait&nbsp;: une visio conf\u00e9rence avait eu lieu avec le groupe de migrants. Le public s\u2019installait sur des bancs faisant face \u00e0 une table derri\u00e8re laquelle venaient de prendre place quatre personnes venues pour \u00e9changer sur \u00ab&nbsp;la place de la spiritualit\u00e9 dans l&rsquo;engagement pour la justice sociale et \u00e9cologique&nbsp;\u00bb. Pendant ce temps, sur la sc\u00e8ne, un groupe de musique se pr\u00e9parait. Des personnes allaient et venaient entre les deux salles, discutaient, se saluaient. Tout le monde semblait se conna\u00eetre.<\/p>\n\n\n\n<h3><strong>Il y a une \u00e9ternit\u00e9&#8230;<\/strong><\/h3>\n\n\n\n<p>Sur un pr\u00e9sentoir, avec toutes activit\u00e9s propos\u00e9es&nbsp;: th\u00e9\u00e2tre pour les migrants, ateliers d\u2019\u00e9criture, peinture, danses&#8230; Ce lieu foisonnait d\u2019id\u00e9es et d\u2019activit\u00e9s culturelles et conviviales. Et puis d\u2019un coup, tout le monde s\u2019est agit\u00e9, la conf\u00e9rence \u00e9tait termin\u00e9e. D\u2019un m\u00eame \u00e9lan chacun est all\u00e9 ranger chaises, bancs et tables pour d\u00e9gager l\u2019espace devant la sc\u00e8ne&nbsp;: c\u2019\u00e9tait l\u2019heure du bal folk. Le groupe s\u2019est mis \u00e0 jouer et tout le monde s\u2019est mis \u00e0 danser. Certains montraient les pas \u00e0 faire. C\u2019\u00e9tait vraiment gai, joyeux. Les gens \u00e9taient heureux d\u2019\u00eatre l\u00e0, ensemble. Et je m\u2019\u00e9tais alors formul\u00e9e que j\u2019aimerais bien avoir un lieu comme \u00e7a \u00e0 c\u00f4t\u00e9 de chez moi\u2026 C\u2019\u00e9tait il y a moins d\u2019un an et pourtant c\u2019\u00e9tait il y a une \u00e9ternit\u00e9. Aujourd\u2019hui on se demande quand la Maison Ouverte aura \u00e0 nouveau la libert\u00e9 d\u2019organiser \u00e0 nouveau des soir\u00e9es festives, intelligentes et culturelles&nbsp;? Quand toutes les associations qu\u2019elle accueille auront-elle la libert\u00e9 de revenir&nbsp;? Alors bien s\u00fbr la Maison Ouverte, malgr\u00e9 les restrictions et les interdictions s\u2019est r\u00e9invent\u00e9e&nbsp;: accueil d\u2019un \u00e9crivain public, organisation d\u2019un march\u00e9 des lumi\u00e8res, h\u00e9bergement de jeunes mineurs \u00e9trangers isol\u00e9s.<\/p>\n\n\n\n<p>Donc en fait tout va bien, pourrait-on se dire&nbsp;: c\u2019est une question de temps, le COVID passera et tout pourra recommencer comme avant.<\/p>\n\n\n\n<h3><strong>Libert\u00e9 d&rsquo;association en danger ?<\/strong><\/h3>\n\n\n\n<p>Et pourtant, en ce moment, alors qu\u2019on a tous les yeux riv\u00e9s sur les statistiques du Covid et qu\u2019on attend fi\u00e9vreusement l\u2019annonce du jeudi soir, pendant ce temps, dans l\u2019indiff\u00e9rence g\u00e9n\u00e9rale, les d\u00e9put\u00e9s sont tranquillement en train de de d\u00e9manteler la libert\u00e9 d\u2019association, la libert\u00e9 que nous avons tous, chacun et chacune, de nous regrouper et d\u2019ensemble, imaginer et cr\u00e9er des lieux comme la Maison Ouverte. En ce moment, une partie de l\u2019actualit\u00e9 politique fran\u00e7aise est consacr\u00e9e \u00e0 cette fameuse loi \u00ab s\u00e9paratismes&nbsp;\u00bb, cens\u00e9e lutter contre le terrorisme imposant plus de contraintes pour les religions. Les diff\u00e9rents repr\u00e9sentants des cultes ont d\u2019ailleurs \u00e9t\u00e9 entendus par le groupe de travail de Rugy \u00e0 l\u2019Assembl\u00e9e Nationale le 4 janvier. J\u2019ai regard\u00e9 l\u2019audition du Pr\u00e9sident de la F\u00e9d\u00e9ration protestante de France et j\u2019ai \u00e9t\u00e9 scandalis\u00e9e par les questions pos\u00e9es par les d\u00e9put\u00e9s, car elles r\u00e9v\u00e9laient \u00e0 quel point ils ne connaissaient rien au protestantisme !<\/p>\n\n\n\n<p>Ainsi \u00e0 trois ou quatre reprises les d\u00e9put\u00e9s ont interpel\u00e9 le Pasteur Fran\u00e7ois Clavairoly sur la question des \u00e9coles priv\u00e9es protestantes.&nbsp;! Voyons, un peu de culture g\u00e9n\u00e9rale Mesdames et Messieurs les d\u00e9put\u00e9s&nbsp;! Ou \u00e0 d\u00e9faut de curiosit\u00e9&nbsp;! Vous auriez pu au moins faire l\u2019effort d\u2019aller regarder sur Wikip\u00e9dia ce qu\u2019\u00e9tait le protestantisme !&nbsp;Vous y auriez appris que les protestants fran\u00e7ais se sont battus pour la la\u00efcit\u00e9 des \u00e9coles publiques, afin que leurs enfants puissent en b\u00e9n\u00e9ficier&nbsp;!<\/p>\n\n\n\n<h3><strong>Libert\u00e9 de plaidoyer ?<\/strong><\/h3>\n\n\n\n<p> Et au-del\u00e0 des questions autour de la libert\u00e9 de culte, dans cette loi ce ne sont pas seulement les associations cultuelles en 1905 qui sont mises \u00e0 mal&nbsp;: c\u2019est tout le monde associatif qui est vis\u00e9. Et notamment par l\u2019article 6 <em>le contrat d\u2019engagement r\u00e9publicain<\/em> &nbsp;; car il menace la libert\u00e9 de plaidoyer et d\u2019action des associations 1901&nbsp;; et en particulier la libert\u00e9 de certaines associations embl\u00e9matiques comme la Cimade, mais \u00e9galement de toutes autres associations engag\u00e9es, surtout aux c\u00f4t\u00e9s des migrants. Or au sein de la Mission Populaire, nombreuses sont les Frats qui accueillent, domicilient voire h\u00e9bergent des migrants&nbsp;: le Foyer de Grenelle, les Maisons Verte et Ouverte\u2026 Vont-elles \u00eatre sanctionn\u00e9es \u00e0 cause de leurs convictions et leurs positions en faveur des plus d\u00e9munis&nbsp;? Que devient le christianisme social dans cette loi&nbsp;? Un pasteur, ministre du Culte, sera-t-il interdit de faire de l\u2019action sociale et de diriger une Frat&nbsp;?<\/p>\n\n\n\n<p>Alors si, une fois l\u2019\u00e8re Covid pass\u00e9e, vous avez envie de retrouver les associations auxquelles vous tenez&nbsp;: Mobilisez- vous&nbsp;!<\/p>\n\n\n\n<p>(1) Le \u00ab contrat d\u2019engagement r\u00e9publicain \u00bb pr\u00e9vu \u00e0 l\u2019article 6 menace la<br>capacit\u00e9 de plaidoyer et d\u2019action des associations \u00ab 1901 \u00bb en subordonnant<br>le versement de subventions publiques au respect de \u00ab la sauvegarde de<br>l\u2019ordre public \u00bb. Cette formulation floue fait craindre que leurs contestations de certaines politiques publiques ne soient jug\u00e9es par les d\u00e9cisionnaires comme s\u2019opposant \u00e0 l\u2019attribution de concours financiers d\u00e8s lors qu\u2019elles mettent en cause l\u2019ordre \u00e9tabli. Ce risque est plus av\u00e9r\u00e9 encore au regard de certaines formes d\u2019engagement vite requalifi\u00e9es en d\u00e9lits, notamment dans le domaine de l\u2019exclusion et de l\u2019accueil de l\u2019\u00e9tranger.<\/p>\n\n\n\n<p><strong>Sophie Simon-Clouzet est secr\u00e9taire g\u00e9n\u00e9rale de la Mission populaire \u00e9vang\u00e9lique de France.<\/strong><\/p>\n\n\n\n<p><strong><em>D\u00e9couvrez la Mission populaire \u00e9vang\u00e9lique gr\u00e2ce \u00e0&nbsp;<\/em><\/strong><a rel=\"noreferrer noopener\" href=\"https:\/\/missionpopulaire.org\/\" target=\"_blank\"><strong><em>son site internet<\/em><\/strong><\/a><strong><em>&nbsp;et ses derni\u00e8res actualit\u00e9s \u2013 en particulier de la vie dans les Fraternit\u00e9s \u2013 en visitant&nbsp;<\/em><\/strong><a rel=\"noreferrer noopener\" href=\"https:\/\/www.facebook.com\/MissionPopulaire\/\" target=\"_blank\"><strong><em>sa page Facebook<\/em><\/strong><\/a><strong><em>.<\/em><\/strong><\/p>\n","protected":false},"excerpt":{"rendered":"<p>Le COVID r\u00e9duit notre libert\u00e9&#8230; et pendant ce temps l\u00e0, un projet de loi met \u00e0 mal la libert\u00e9 des&#8230;<\/p>\n","protected":false},"author":5,"featured_media":517,"comment_status":"closed","ping_status":"open","sticky":false,"template":"","format":"standard","meta":[],"categories":[6],"tags":[37],"acf":[],"yoast_head":"<!-- This site is optimized with the Yoast SEO plugin v19.1 - https:\/\/yoast.com\/wordpress\/plugins\/seo\/ -->\n<title>Libert\u00e9, libert\u00e9, ch\u00e9rie ! - Blog pop<\/title>\n<meta name=\"robots\" content=\"index, follow, max-snippet:-1, max-image-preview:large, max-video-preview:-1\" \/>\n<link rel=\"canonical\" href=\"https:\/\/blog.regardsprotestants.com\/blogpop\/liberte-liberte-cherie\/\" \/>\n<meta property=\"og:locale\" content=\"fr_FR\" \/>\n<meta property=\"og:type\" content=\"article\" \/>\n<meta property=\"og:title\" content=\"Libert\u00e9, libert\u00e9, ch\u00e9rie ! - Blog pop\" \/>\n<meta property=\"og:description\" content=\"Le COVID r\u00e9duit notre libert\u00e9&#8230; et pendant ce temps l\u00e0, un projet de loi met \u00e0 mal la libert\u00e9 des...\" \/>\n<meta property=\"og:url\" content=\"https:\/\/blog.regardsprotestants.com\/blogpop\/liberte-liberte-cherie\/\" \/>\n<meta property=\"og:site_name\" content=\"Blog pop\" \/>\n<meta property=\"article:published_time\" content=\"2021-01-25T13:42:37+00:00\" \/>\n<meta property=\"article:modified_time\" content=\"2021-01-27T06:25:32+00:00\" \/>\n<meta property=\"og:image\" content=\"https:\/\/blog.regardsprotestants.com\/blogpop\/wp-content\/uploads\/2021\/01\/Clavairoly-Rugy.large_.jpg\" \/>\n\t<meta property=\"og:image:width\" content=\"1104\" \/>\n\t<meta property=\"og:image:height\" content=\"578\" \/>\n\t<meta property=\"og:image:type\" content=\"image\/jpeg\" \/>\n<meta name=\"twitter:card\" content=\"summary_large_image\" \/>\n<meta name=\"twitter:label1\" content=\"\u00c9crit par\" \/>\n\t<meta name=\"twitter:data1\" content=\"St\u00e9phane Lavignotte\" \/>\n\t<meta name=\"twitter:label2\" content=\"Dur\u00e9e de lecture estim\u00e9e\" \/>\n\t<meta name=\"twitter:data2\" content=\"6 minutes\" \/>\n<script type=\"application\/ld+json\" class=\"yoast-schema-graph\">{\"@context\":\"https:\/\/schema.org\",\"@graph\":[{\"@type\":\"WebSite\",\"@id\":\"https:\/\/blog.regardsprotestants.com\/blogpop\/#website\",\"url\":\"https:\/\/blog.regardsprotestants.com\/blogpop\/\",\"name\":\"Blog pop\",\"description\":\"Le blog pop\",\"potentialAction\":[{\"@type\":\"SearchAction\",\"target\":{\"@type\":\"EntryPoint\",\"urlTemplate\":\"https:\/\/blog.regardsprotestants.com\/blogpop\/?s={search_term_string}\"},\"query-input\":\"required name=search_term_string\"}],\"inLanguage\":\"fr-FR\"},{\"@type\":\"ImageObject\",\"inLanguage\":\"fr-FR\",\"@id\":\"https:\/\/blog.regardsprotestants.com\/blogpop\/liberte-liberte-cherie\/#primaryimage\",\"url\":\"https:\/\/blog.regardsprotestants.com\/blogpop\/wp-content\/uploads\/2021\/01\/Clavairoly-Rugy.large_.jpg\",\"contentUrl\":\"https:\/\/blog.regardsprotestants.com\/blogpop\/wp-content\/uploads\/2021\/01\/Clavairoly-Rugy.large_.jpg\",\"width\":1104,\"height\":578},{\"@type\":\"WebPage\",\"@id\":\"https:\/\/blog.regardsprotestants.com\/blogpop\/liberte-liberte-cherie\/#webpage\",\"url\":\"https:\/\/blog.regardsprotestants.com\/blogpop\/liberte-liberte-cherie\/\",\"name\":\"Libert\u00e9, libert\u00e9, ch\u00e9rie ! - Blog pop\",\"isPartOf\":{\"@id\":\"https:\/\/blog.regardsprotestants.com\/blogpop\/#website\"},\"primaryImageOfPage\":{\"@id\":\"https:\/\/blog.regardsprotestants.com\/blogpop\/liberte-liberte-cherie\/#primaryimage\"},\"datePublished\":\"2021-01-25T13:42:37+00:00\",\"dateModified\":\"2021-01-27T06:25:32+00:00\",\"author\":{\"@id\":\"https:\/\/blog.regardsprotestants.com\/blogpop\/#\/schema\/person\/82a21c9598d6ce2790b37b9bc2c710cb\"},\"breadcrumb\":{\"@id\":\"https:\/\/blog.regardsprotestants.com\/blogpop\/liberte-liberte-cherie\/#breadcrumb\"},\"inLanguage\":\"fr-FR\",\"potentialAction\":[{\"@type\":\"ReadAction\",\"target\":[\"https:\/\/blog.regardsprotestants.com\/blogpop\/liberte-liberte-cherie\/\"]}]},{\"@type\":\"BreadcrumbList\",\"@id\":\"https:\/\/blog.regardsprotestants.com\/blogpop\/liberte-liberte-cherie\/#breadcrumb\",\"itemListElement\":[{\"@type\":\"ListItem\",\"position\":1,\"name\":\"Accueil\",\"item\":\"https:\/\/blog.regardsprotestants.com\/blogpop\/\"},{\"@type\":\"ListItem\",\"position\":2,\"name\":\"Libert\u00e9, libert\u00e9, ch\u00e9rie !\"}]},{\"@type\":\"Person\",\"@id\":\"https:\/\/blog.regardsprotestants.com\/blogpop\/#\/schema\/person\/82a21c9598d6ce2790b37b9bc2c710cb\",\"name\":\"St\u00e9phane Lavignotte\"}]}<\/script>\n<!-- \/ Yoast SEO plugin. -->","yoast_head_json":{"title":"Libert\u00e9, libert\u00e9, ch\u00e9rie ! - Blog pop","robots":{"index":"index","follow":"follow","max-snippet":"max-snippet:-1","max-image-preview":"max-image-preview:large","max-video-preview":"max-video-preview:-1"},"canonical":"https:\/\/blog.regardsprotestants.com\/blogpop\/liberte-liberte-cherie\/","og_locale":"fr_FR","og_type":"article","og_title":"Libert\u00e9, libert\u00e9, ch\u00e9rie ! - Blog pop","og_description":"Le COVID r\u00e9duit notre libert\u00e9&#8230; et pendant ce temps l\u00e0, un projet de loi met \u00e0 mal la libert\u00e9 des...","og_url":"https:\/\/blog.regardsprotestants.com\/blogpop\/liberte-liberte-cherie\/","og_site_name":"Blog pop","article_published_time":"2021-01-25T13:42:37+00:00","article_modified_time":"2021-01-27T06:25:32+00:00","og_image":[{"width":1104,"height":578,"url":"https:\/\/blog.regardsprotestants.com\/blogpop\/wp-content\/uploads\/2021\/01\/Clavairoly-Rugy.large_.jpg","type":"image\/jpeg"}],"twitter_card":"summary_large_image","twitter_misc":{"\u00c9crit par":"St\u00e9phane Lavignotte","Dur\u00e9e de lecture estim\u00e9e":"6 minutes"},"schema":{"@context":"https:\/\/schema.org","@graph":[{"@type":"WebSite","@id":"https:\/\/blog.regardsprotestants.com\/blogpop\/#website","url":"https:\/\/blog.regardsprotestants.com\/blogpop\/","name":"Blog pop","description":"Le blog pop","potentialAction":[{"@type":"SearchAction","target":{"@type":"EntryPoint","urlTemplate":"https:\/\/blog.regardsprotestants.com\/blogpop\/?s={search_term_string}"},"query-input":"required name=search_term_string"}],"inLanguage":"fr-FR"},{"@type":"ImageObject","inLanguage":"fr-FR","@id":"https:\/\/blog.regardsprotestants.com\/blogpop\/liberte-liberte-cherie\/#primaryimage","url":"https:\/\/blog.regardsprotestants.com\/blogpop\/wp-content\/uploads\/2021\/01\/Clavairoly-Rugy.large_.jpg","contentUrl":"https:\/\/blog.regardsprotestants.com\/blogpop\/wp-content\/uploads\/2021\/01\/Clavairoly-Rugy.large_.jpg","width":1104,"height":578},{"@type":"WebPage","@id":"https:\/\/blog.regardsprotestants.com\/blogpop\/liberte-liberte-cherie\/#webpage","url":"https:\/\/blog.regardsprotestants.com\/blogpop\/liberte-liberte-cherie\/","name":"Libert\u00e9, libert\u00e9, ch\u00e9rie ! - Blog pop","isPartOf":{"@id":"https:\/\/blog.regardsprotestants.com\/blogpop\/#website"},"primaryImageOfPage":{"@id":"https:\/\/blog.regardsprotestants.com\/blogpop\/liberte-liberte-cherie\/#primaryimage"},"datePublished":"2021-01-25T13:42:37+00:00","dateModified":"2021-01-27T06:25:32+00:00","author":{"@id":"https:\/\/blog.regardsprotestants.com\/blogpop\/#\/schema\/person\/82a21c9598d6ce2790b37b9bc2c710cb"},"breadcrumb":{"@id":"https:\/\/blog.regardsprotestants.com\/blogpop\/liberte-liberte-cherie\/#breadcrumb"},"inLanguage":"fr-FR","potentialAction":[{"@type":"ReadAction","target":["https:\/\/blog.regardsprotestants.com\/blogpop\/liberte-liberte-cherie\/"]}]},{"@type":"BreadcrumbList","@id":"https:\/\/blog.regardsprotestants.com\/blogpop\/liberte-liberte-cherie\/#breadcrumb","itemListElement":[{"@type":"ListItem","position":1,"name":"Accueil","item":"https:\/\/blog.regardsprotestants.com\/blogpop\/"},{"@type":"ListItem","position":2,"name":"Libert\u00e9, libert\u00e9, ch\u00e9rie !"}]},{"@type":"Person","@id":"https:\/\/blog.regardsprotestants.com\/blogpop\/#\/schema\/person\/82a21c9598d6ce2790b37b9bc2c710cb","name":"St\u00e9phane Lavignotte"}]}},"post_mailing_queue_ids":[],"_links":{"self":[{"href":"https:\/\/blog.regardsprotestants.com\/blogpop\/wp-json\/wp\/v2\/posts\/515"}],"collection":[{"href":"https:\/\/blog.regardsprotestants.com\/blogpop\/wp-json\/wp\/v2\/posts"}],"about":[{"href":"https:\/\/blog.regardsprotestants.com\/blogpop\/wp-json\/wp\/v2\/types\/post"}],"author":[{"embeddable":true,"href":"https:\/\/blog.regardsprotestants.com\/blogpop\/wp-json\/wp\/v2\/users\/5"}],"replies":[{"embeddable":true,"href":"https:\/\/blog.regardsprotestants.com\/blogpop\/wp-json\/wp\/v2\/comments?post=515"}],"version-history":[{"count":3,"href":"https:\/\/blog.regardsprotestants.com\/blogpop\/wp-json\/wp\/v2\/posts\/515\/revisions"}],"predecessor-version":[{"id":520,"href":"https:\/\/blog.regardsprotestants.com\/blogpop\/wp-json\/wp\/v2\/posts\/515\/revisions\/520"}],"wp:featuredmedia":[{"embeddable":true,"href":"https:\/\/blog.regardsprotestants.com\/blogpop\/wp-json\/wp\/v2\/media\/517"}],"wp:attachment":[{"href":"https:\/\/blog.regardsprotestants.com\/blogpop\/wp-json\/wp\/v2\/media?parent=515"}],"wp:term":[{"taxonomy":"category","embeddable":true,"href":"https:\/\/blog.regardsprotestants.com\/blogpop\/wp-json\/wp\/v2\/categories?post=515"},{"taxonomy":"post_tag","embeddable":true,"href":"https:\/\/blog.regardsprotestants.com\/blogpop\/wp-json\/wp\/v2\/tags?post=515"}],"curies":[{"name":"wp","href":"https:\/\/api.w.org\/{rel}","templated":true}]}}